{"id":4990,"date":"2011-03-19T00:24:05","date_gmt":"2011-03-18T22:24:05","guid":{"rendered":"http:\/\/www.4ojos.com\/blog\/?p=4990"},"modified":"2011-03-22T01:02:59","modified_gmt":"2011-03-21T23:02:59","slug":"acuarelas-de-viaje","status":"publish","type":"post","link":"http:\/\/www.4ojos.com\/blog\/?p=4990","title":{"rendered":"acuarelas de viaje"},"content":{"rendered":"<p><a href=\"http:\/\/www.4ojos.com\/blog\/imagenes\/otros\/joaquin-dorao1.jpg\"><img loading=\"lazy\" class=\"alignnone\" src=\"http:\/\/www.4ojos.com\/blog\/imagenes\/otros\/joaquin-dorao1.jpg\" alt=\"\" width=\"700\" height=\"399\" \/><\/a><\/p>\n<p><a href=\"http:\/\/www.4ojos.com\/blog\/imagenes\/otros\/joaquin-dorao2.jpg\"><img loading=\"lazy\" class=\"alignnone\" src=\"http:\/\/www.4ojos.com\/blog\/imagenes\/otros\/joaquin-dorao2.jpg\" alt=\"\" width=\"700\" height=\"704\" \/><\/a><\/p>\n<p>El pr\u00f3ximo mi\u00e9rcoles 23 a las 19,30 hrs. las editoriales GeoPlaneta y <a href=\"http:\/\/www.lonelyplanet.es\/Colecciones_Acuarelasdeviaje_11_69.html \" target=\"_blank\"><strong>Lonely Planet<\/strong><\/a> presentar\u00e1n en el <a href=\"http:\/\/www.museoabc.es\/\" target=\"_blank\"><strong>Museo ABC<\/strong><\/a> de Madrid los seis primeros t\u00edtulos, ilustrados todos por <a href=\"http:\/\/www.joaquingonzalezdorao.com\/ \" target=\"_blank\"><strong>Joaqu\u00edn Gonz\u00e1lez, <\/strong><\/a>de una nueva <a href=\"http:\/\/www.flickr.com\/photos\/lonelyplanetespana\/ \" target=\"_blank\"><strong>colecci\u00f3n dedicada a los viajes dibujado<\/strong><strong>s<\/strong><\/a>. All\u00ed nos veremos para hablar de nuestros viajes y de la pertinencia de contarlos.<\/p>\n","protected":false},"excerpt":{"rendered":"<p>El pr\u00f3ximo mi\u00e9rcoles 23 a las 19,30 hrs. las editoriales GeoPlaneta y Lonely Planet presentar\u00e1n en el Museo ABC de Madrid los seis primeros t\u00edtulos, ilustrados todos por Joaqu\u00edn Gonz\u00e1lez, de una nueva colecci\u00f3n dedicada a los viajes dibujados. All\u00ed nos veremos para hablar de nuestros viajes y de la pertinencia de contarlos.<\/p>\n","protected":false},"author":1,"featured_media":0,"comment_status":"open","ping_status":"open","sticky":false,"template":"","format":"standard","meta":{"ngg_post_thumbnail":0},"categories":[12],"tags":[197,60],"_links":{"self":[{"href":"http:\/\/www.4ojos.com\/blog\/index.php?rest_route=\/wp\/v2\/posts\/4990"}],"collection":[{"href":"http:\/\/www.4ojos.com\/blog\/index.php?rest_route=\/wp\/v2\/posts"}],"about":[{"href":"http:\/\/www.4ojos.com\/blog\/index.php?rest_route=\/wp\/v2\/types\/post"}],"author":[{"embeddable":true,"href":"http:\/\/www.4ojos.com\/blog\/index.php?rest_route=\/wp\/v2\/users\/1"}],"replies":[{"embeddable":true,"href":"http:\/\/www.4ojos.com\/blog\/index.php?rest_route=%2Fwp%2Fv2%2Fcomments&post=4990"}],"version-history":[{"count":6,"href":"http:\/\/www.4ojos.com\/blog\/index.php?rest_route=\/wp\/v2\/posts\/4990\/revisions"}],"predecessor-version":[{"id":4992,"href":"http:\/\/www.4ojos.com\/blog\/index.php?rest_route=\/wp\/v2\/posts\/4990\/revisions\/4992"}],"wp:attachment":[{"href":"http:\/\/www.4ojos.com\/blog\/index.php?rest_route=%2Fwp%2Fv2%2Fmedia&parent=4990"}],"wp:term":[{"taxonomy":"category","embeddable":true,"href":"http:\/\/www.4ojos.com\/blog\/index.php?rest_route=%2Fwp%2Fv2%2Fcategories&post=4990"},{"taxonomy":"post_tag","embeddable":true,"href":"http:\/\/www.4ojos.com\/blog\/index.php?rest_route=%2Fwp%2Fv2%2Ftags&post=4990"}],"curies":[{"name":"wp","href":"https:\/\/api.w.org\/{rel}","templated":true}]}}