{"id":4975,"date":"2011-03-18T01:24:25","date_gmt":"2011-03-17T23:24:25","guid":{"rendered":"http:\/\/www.4ojos.com\/blog\/?p=4975"},"modified":"2011-03-18T01:27:06","modified_gmt":"2011-03-17T23:27:06","slug":"franco-no-ha-muerto","status":"publish","type":"post","link":"http:\/\/www.4ojos.com\/blog\/?p=4975","title":{"rendered":"franco no ha muerto"},"content":{"rendered":"<p><a href=\"http:\/\/www.4ojos.com\/blog\/imagenes\/actualidad\/garzon.jpg\"><img loading=\"lazy\" class=\"alignnone\" src=\"http:\/\/www.4ojos.com\/blog\/imagenes\/actualidad\/garzon.jpg\" alt=\"\" width=\"700\" height=\"377\" \/><\/a><\/p>\n<p>&#8220;La diseminaci\u00f3n p\u00fablica del dise\u00f1o gr\u00e1fico a favor de los m\u00e1s  desfavorecidos social y\/o culturalmente hablando es una de las formas de  conseguir los objetivos de una sociedad y hacer justicia social&#8221;. Pierre Bernard<\/p>\n<p><a href=\"http:\/\/www.franconohamuerto.com \" target=\"_blank\"><strong><em>Franconohamuerto.com<\/em> <\/strong><\/a>invita a todos los dise\u00f1adores, ilustradores  y artistas del mundo a crear im\u00e1genes con algunos  de los siguientes lemas: &#8220;Save Garz\u00f3n&#8221;, &#8220;Memoria hist\u00f3rica +  democracia&#8221;, &#8220;Justicia ya&#8221; y &#8220;Franconohamuerto.com&#8221;. Los trabajos ser\u00e1n  recopilados en una galer\u00eda virtual en <a href=\"http:\/\/www.flickr.com\/photos\/franconohamuerto\/\" target=\"_blank\"><strong>Flickr<\/strong><\/a> y en <a href=\"https:\/\/www.facebook.com\/pages\/franconohamuertocom\/170597679652312\" target=\"_blank\"><strong>Facebook<\/strong><\/a> y estar\u00e1n disponibles, con licencia\u00a0<em>copy left<\/em>, para  que los internautas los usen en pancartas de manifestaciones, camisetas,  muros de cemento o pantallas de ordenador.<\/p>\n<p><strong> <\/strong><em>Formato<\/em>:\u00a0jpg <em> Tama\u00f1o<\/em>: 70 x 50 cm \u00a0<em>Resoluci\u00f3n<\/em>: 300 dpi <em>Correo electr\u00f3nico<\/em>: <a href=\"mailto:grafica@franconohamuerto.com\">grafica@franconohamuerto.com<\/a> <em>Plazo<\/em>: Hasta el 15 de abril.<\/p>\n","protected":false},"excerpt":{"rendered":"<p>&#8220;La diseminaci\u00f3n p\u00fablica del dise\u00f1o gr\u00e1fico a favor de los m\u00e1s desfavorecidos social y\/o culturalmente hablando es una de las formas de conseguir los objetivos de una sociedad y hacer justicia social&#8221;. Pierre Bernard Franconohamuerto.com invita a todos los dise\u00f1adores, ilustradores y artistas del mundo a crear im\u00e1genes con algunos de los siguientes lemas: &#8220;Save [&hellip;]<\/p>\n","protected":false},"author":1,"featured_media":0,"comment_status":"open","ping_status":"open","sticky":false,"template":"","format":"standard","meta":{"ngg_post_thumbnail":0},"categories":[13],"tags":[72,117],"_links":{"self":[{"href":"http:\/\/www.4ojos.com\/blog\/index.php?rest_route=\/wp\/v2\/posts\/4975"}],"collection":[{"href":"http:\/\/www.4ojos.com\/blog\/index.php?rest_route=\/wp\/v2\/posts"}],"about":[{"href":"http:\/\/www.4ojos.com\/blog\/index.php?rest_route=\/wp\/v2\/types\/post"}],"author":[{"embeddable":true,"href":"http:\/\/www.4ojos.com\/blog\/index.php?rest_route=\/wp\/v2\/users\/1"}],"replies":[{"embeddable":true,"href":"http:\/\/www.4ojos.com\/blog\/index.php?rest_route=%2Fwp%2Fv2%2Fcomments&post=4975"}],"version-history":[{"count":4,"href":"http:\/\/www.4ojos.com\/blog\/index.php?rest_route=\/wp\/v2\/posts\/4975\/revisions"}],"predecessor-version":[{"id":4988,"href":"http:\/\/www.4ojos.com\/blog\/index.php?rest_route=\/wp\/v2\/posts\/4975\/revisions\/4988"}],"wp:attachment":[{"href":"http:\/\/www.4ojos.com\/blog\/index.php?rest_route=%2Fwp%2Fv2%2Fmedia&parent=4975"}],"wp:term":[{"taxonomy":"category","embeddable":true,"href":"http:\/\/www.4ojos.com\/blog\/index.php?rest_route=%2Fwp%2Fv2%2Fcategories&post=4975"},{"taxonomy":"post_tag","embeddable":true,"href":"http:\/\/www.4ojos.com\/blog\/index.php?rest_route=%2Fwp%2Fv2%2Ftags&post=4975"}],"curies":[{"name":"wp","href":"https:\/\/api.w.org\/{rel}","templated":true}]}}