{"id":4695,"date":"2011-02-10T00:35:21","date_gmt":"2011-02-09T22:35:21","guid":{"rendered":"http:\/\/www.4ojos.com\/blog\/?p=4695"},"modified":"2011-02-10T03:38:48","modified_gmt":"2011-02-10T01:38:48","slug":"laberinto","status":"publish","type":"post","link":"http:\/\/www.4ojos.com\/blog\/?p=4695","title":{"rendered":"laberinto de miradas"},"content":{"rendered":"<p><a href=\"http:\/\/www.4ojos.com\/blog\/imagenes\/otros\/laberinto.jpg\"><img loading=\"lazy\" class=\"alignnone\" src=\"http:\/\/www.4ojos.com\/blog\/imagenes\/otros\/laberinto.jpg\" alt=\"\" width=\"700\" height=\"380\" \/><\/a><\/p>\n<p>Esta tarde a las ocho se inaugura &#8220;Laberinto de miradas&#8221; en la parte  oficial de la Tabacalera. Es una exposici\u00f3n de casi 80 fot\u00f3grafos  documentalistas iberoamericanos que ha dado vueltas por Am\u00e8rica Latina  durante los \u00faltimos dos a\u00f1os y ahora llega a Madrid. M\u00e1s informaci\u00f3n en  http:\/\/www.laberintodemiradas.net<\/p>\n","protected":false},"excerpt":{"rendered":"<p>Esta tarde a las ocho se inaugura &#8220;Laberinto de miradas&#8221; en la parte oficial de la Tabacalera. Es una exposici\u00f3n de casi 80 fot\u00f3grafos documentalistas iberoamericanos que ha dado vueltas por Am\u00e8rica Latina durante los \u00faltimos dos a\u00f1os y ahora llega a Madrid. M\u00e1s informaci\u00f3n en http:\/\/www.laberintodemiradas.net<\/p>\n","protected":false},"author":1,"featured_media":0,"comment_status":"open","ping_status":"open","sticky":false,"template":"","format":"standard","meta":{"ngg_post_thumbnail":0},"categories":[12],"tags":[56,52],"_links":{"self":[{"href":"http:\/\/www.4ojos.com\/blog\/index.php?rest_route=\/wp\/v2\/posts\/4695"}],"collection":[{"href":"http:\/\/www.4ojos.com\/blog\/index.php?rest_route=\/wp\/v2\/posts"}],"about":[{"href":"http:\/\/www.4ojos.com\/blog\/index.php?rest_route=\/wp\/v2\/types\/post"}],"author":[{"embeddable":true,"href":"http:\/\/www.4ojos.com\/blog\/index.php?rest_route=\/wp\/v2\/users\/1"}],"replies":[{"embeddable":true,"href":"http:\/\/www.4ojos.com\/blog\/index.php?rest_route=%2Fwp%2Fv2%2Fcomments&post=4695"}],"version-history":[{"count":5,"href":"http:\/\/www.4ojos.com\/blog\/index.php?rest_route=\/wp\/v2\/posts\/4695\/revisions"}],"predecessor-version":[{"id":4702,"href":"http:\/\/www.4ojos.com\/blog\/index.php?rest_route=\/wp\/v2\/posts\/4695\/revisions\/4702"}],"wp:attachment":[{"href":"http:\/\/www.4ojos.com\/blog\/index.php?rest_route=%2Fwp%2Fv2%2Fmedia&parent=4695"}],"wp:term":[{"taxonomy":"category","embeddable":true,"href":"http:\/\/www.4ojos.com\/blog\/index.php?rest_route=%2Fwp%2Fv2%2Fcategories&post=4695"},{"taxonomy":"post_tag","embeddable":true,"href":"http:\/\/www.4ojos.com\/blog\/index.php?rest_route=%2Fwp%2Fv2%2Ftags&post=4695"}],"curies":[{"name":"wp","href":"https:\/\/api.w.org\/{rel}","templated":true}]}}