{"id":4181,"date":"2010-10-25T14:54:20","date_gmt":"2010-10-25T12:54:20","guid":{"rendered":"http:\/\/www.4ojos.com\/blog\/?p=4181"},"modified":"2010-10-27T00:38:55","modified_gmt":"2010-10-26T22:38:55","slug":"merida-cercana","status":"publish","type":"post","link":"http:\/\/www.4ojos.com\/blog\/?p=4181","title":{"rendered":"m\u00e9rida cercana"},"content":{"rendered":"<p><a href=\"http:\/\/www.4ojos.com\/blog\/imagenes\/viajes\/extremadura\/merida-cercana.jpg\"><img loading=\"lazy\" class=\"alignnone\" src=\"http:\/\/www.4ojos.com\/blog\/imagenes\/viajes\/extremadura\/merida-cercana.jpg\" alt=\"\" width=\"700\" height=\"2723\" \/><\/a><\/p>\n<p>El martes 26 a las 11,30 se presentar\u00e1 en el Ayuntamiento de M\u00e9rida mi \u00faltimo libro, editado por la Fundaci\u00f3n CajaBadajoz, que recoge una serie de visiones de la ciudad. El poeta<a href=\"http:\/\/www.art-website.com\/modules\/art\/artist.php?id=48\" target=\"_blank\"><strong> Antonio G\u00f3mez<\/strong><\/a> y el fot\u00f3grafo <a href=\"http:\/\/www.el-fotomaton.blogspot.com\/\" target=\"_blank\"><strong>Ceferino L\u00f3pez <\/strong><\/a>me acompa\u00f1an en este prolongado paseo, de m\u00e1s de trescientas p\u00e1ginas, por un paisaje que no nos cansamos de mirar.<\/p>\n<p>ACTUALIZACION: algo de cobertura de prensa <a href=\"http:\/\/www.extremaduraaldia.com\/merida\/el-libro-merida-cercana-muestra-lo-mas-cotidiano-de-la-ciudad-a-traves-de-ilustraciones-fotografias-y-poemas\/111605.html\" target=\"_blank\"><strong>aqu\u00ed, <\/strong><\/a><strong><a href=\"http:\/\/www.regiondigital.com\/periodico\/M%C3%A9rida\/el_libro_merida_cercana_se_presenta_visual_y_emocional-128956.html\" target=\"_blank\">aqu\u00ed<\/a>, <a href=\"http:\/\/www.abc.es\/videos-cultura\/20101026\/caja-badajoz-presenta-merida-649634710001.html\" target=\"_blank\">aqu\u00ed<\/a>, <a href=\"http:\/\/www.youtube.com\/watch?v=TLQnwB41ADc\" target=\"_blank\">aqu\u00ed <\/a>y <a href=\"http:\/\/www.juntaaldia.es\/noticias\/detalle.aspx?id=18151\" target=\"_blank\">aqu\u00ed.<\/a><\/strong><\/p>\n","protected":false},"excerpt":{"rendered":"<p>El martes 26 a las 11,30 se presentar\u00e1 en el Ayuntamiento de M\u00e9rida mi \u00faltimo libro, editado por la Fundaci\u00f3n CajaBadajoz, que recoge una serie de visiones de la ciudad. El poeta Antonio G\u00f3mez y el fot\u00f3grafo Ceferino L\u00f3pez me acompa\u00f1an en este prolongado paseo, de m\u00e1s de trescientas p\u00e1ginas, por un paisaje que no [&hellip;]<\/p>\n","protected":false},"author":1,"featured_media":0,"comment_status":"open","ping_status":"open","sticky":false,"template":"","format":"standard","meta":{"ngg_post_thumbnail":0},"categories":[13],"tags":[197,106,60],"_links":{"self":[{"href":"http:\/\/www.4ojos.com\/blog\/index.php?rest_route=\/wp\/v2\/posts\/4181"}],"collection":[{"href":"http:\/\/www.4ojos.com\/blog\/index.php?rest_route=\/wp\/v2\/posts"}],"about":[{"href":"http:\/\/www.4ojos.com\/blog\/index.php?rest_route=\/wp\/v2\/types\/post"}],"author":[{"embeddable":true,"href":"http:\/\/www.4ojos.com\/blog\/index.php?rest_route=\/wp\/v2\/users\/1"}],"replies":[{"embeddable":true,"href":"http:\/\/www.4ojos.com\/blog\/index.php?rest_route=%2Fwp%2Fv2%2Fcomments&post=4181"}],"version-history":[{"count":5,"href":"http:\/\/www.4ojos.com\/blog\/index.php?rest_route=\/wp\/v2\/posts\/4181\/revisions"}],"predecessor-version":[{"id":4190,"href":"http:\/\/www.4ojos.com\/blog\/index.php?rest_route=\/wp\/v2\/posts\/4181\/revisions\/4190"}],"wp:attachment":[{"href":"http:\/\/www.4ojos.com\/blog\/index.php?rest_route=%2Fwp%2Fv2%2Fmedia&parent=4181"}],"wp:term":[{"taxonomy":"category","embeddable":true,"href":"http:\/\/www.4ojos.com\/blog\/index.php?rest_route=%2Fwp%2Fv2%2Fcategories&post=4181"},{"taxonomy":"post_tag","embeddable":true,"href":"http:\/\/www.4ojos.com\/blog\/index.php?rest_route=%2Fwp%2Fv2%2Ftags&post=4181"}],"curies":[{"name":"wp","href":"https:\/\/api.w.org\/{rel}","templated":true}]}}