{"id":4133,"date":"2010-10-11T12:23:30","date_gmt":"2010-10-11T10:23:30","guid":{"rendered":"http:\/\/www.4ojos.com\/blog\/?p=4133"},"modified":"2010-10-14T14:48:05","modified_gmt":"2010-10-14T12:48:05","slug":"vivamerica","status":"publish","type":"post","link":"http:\/\/www.4ojos.com\/blog\/?p=4133","title":{"rendered":"vivam\u00e9rica"},"content":{"rendered":"<p><a href=\"http:\/\/www.4ojos.com\/blog\/imagenes\/viajes\/madrid\/vivamerica2010.jpg\"><img loading=\"lazy\" class=\"alignnone\" src=\"http:\/\/www.4ojos.com\/blog\/imagenes\/viajes\/madrid\/vivamerica2010.jpg\" alt=\"\" width=\"700\" height=\"515\" \/><\/a><a href=\"http:\/\/www.4ojos.com\/blog\/imagenes\/varios\/vivamerica1.jpg\"><img loading=\"lazy\" class=\"alignnone\" src=\"http:\/\/www.4ojos.com\/blog\/imagenes\/varios\/vivamerica1.jpg\" alt=\"\" width=\"700\" height=\"509\" \/><\/a><a href=\"http:\/\/www.4ojos.com\/blog\/imagenes\/varios\/vivamerica2.jpg\"><img loading=\"lazy\" class=\"alignnone\" src=\"http:\/\/www.4ojos.com\/blog\/imagenes\/varios\/vivamerica2.jpg\" alt=\"\" width=\"700\" height=\"509\" \/><\/a><a href=\"http:\/\/www.4ojos.com\/blog\/imagenes\/varios\/vivamerica3.jpg\"><img loading=\"lazy\" class=\"alignnone\" src=\"http:\/\/www.4ojos.com\/blog\/imagenes\/varios\/vivamerica3.jpg\" alt=\"\" width=\"700\" height=\"509\" \/><\/a><\/p>\n<p>Un desfile musical por Recoletos y un concierto de Calle 13 en Cibeles cerr\u00f3 ayer la apretada semana cultural que ha organizado <a href=\"http:\/\/www.casamerica.es\/\" target=\"_blank\"><strong>Casa Am\u00e9rica<\/strong><\/a>. El dibujo de arriba lo hice antes de que comenzara el concierto, cuando a\u00fan se pod\u00eda caminar por una Cibeles cerrada al tr\u00e1fico. Los tres de abajo corresponden al desfile del a\u00f1o pasado, pero os dan una idea de lo que se vivi\u00f3 ayer en los madriles.<\/p>\n<p>Los amigos de Casa Am\u00e9rica han hecho una exposici\u00f3n virtual en <a href=\"http:\/\/www.casamerica.es\/exposiciones\/enrique-flores\" target=\"_blank\"><strong>su web.<\/strong><\/a><\/p>\n","protected":false},"excerpt":{"rendered":"<p>Un desfile musical por Recoletos y un concierto de Calle 13 en Cibeles cerr\u00f3 ayer la apretada semana cultural que ha organizado Casa Am\u00e9rica. El dibujo de arriba lo hice antes de que comenzara el concierto, cuando a\u00fan se pod\u00eda caminar por una Cibeles cerrada al tr\u00e1fico. Los tres de abajo corresponden al desfile del [&hellip;]<\/p>\n","protected":false},"author":1,"featured_media":0,"comment_status":"open","ping_status":"open","sticky":false,"template":"","format":"standard","meta":{"ngg_post_thumbnail":0},"categories":[12],"tags":[78,158,62],"_links":{"self":[{"href":"http:\/\/www.4ojos.com\/blog\/index.php?rest_route=\/wp\/v2\/posts\/4133"}],"collection":[{"href":"http:\/\/www.4ojos.com\/blog\/index.php?rest_route=\/wp\/v2\/posts"}],"about":[{"href":"http:\/\/www.4ojos.com\/blog\/index.php?rest_route=\/wp\/v2\/types\/post"}],"author":[{"embeddable":true,"href":"http:\/\/www.4ojos.com\/blog\/index.php?rest_route=\/wp\/v2\/users\/1"}],"replies":[{"embeddable":true,"href":"http:\/\/www.4ojos.com\/blog\/index.php?rest_route=%2Fwp%2Fv2%2Fcomments&post=4133"}],"version-history":[{"count":3,"href":"http:\/\/www.4ojos.com\/blog\/index.php?rest_route=\/wp\/v2\/posts\/4133\/revisions"}],"predecessor-version":[{"id":4142,"href":"http:\/\/www.4ojos.com\/blog\/index.php?rest_route=\/wp\/v2\/posts\/4133\/revisions\/4142"}],"wp:attachment":[{"href":"http:\/\/www.4ojos.com\/blog\/index.php?rest_route=%2Fwp%2Fv2%2Fmedia&parent=4133"}],"wp:term":[{"taxonomy":"category","embeddable":true,"href":"http:\/\/www.4ojos.com\/blog\/index.php?rest_route=%2Fwp%2Fv2%2Fcategories&post=4133"},{"taxonomy":"post_tag","embeddable":true,"href":"http:\/\/www.4ojos.com\/blog\/index.php?rest_route=%2Fwp%2Fv2%2Ftags&post=4133"}],"curies":[{"name":"wp","href":"https:\/\/api.w.org\/{rel}","templated":true}]}}