{"id":3594,"date":"2010-06-20T12:24:52","date_gmt":"2010-06-20T10:24:52","guid":{"rendered":"http:\/\/www.4ojos.com\/blog\/?p=3594"},"modified":"2011-03-03T22:05:19","modified_gmt":"2011-03-03T20:05:19","slug":"cuadernos-en-zaragoza","status":"publish","type":"post","link":"http:\/\/www.4ojos.com\/blog\/?p=3594","title":{"rendered":"cuadernos en zaragoza"},"content":{"rendered":"<p><a href=\"http:\/\/www.4ojos.com\/blog\/imagenes\/varios\/cuadernosZRGZ.jpg\"><img loading=\"lazy\" class=\"alignnone\" src=\"http:\/\/www.4ojos.com\/blog\/imagenes\/varios\/cuadernosZRGZ.jpg\" alt=\"\" width=\"700\" height=\"563\" \/><\/a><\/p>\n<p>Los dias 9, 10 y 11 del pr\u00f3ximo mes de septiembre se celebrar\u00e1 en Zaragoza un nuevo curso de De Vuelta con el Cuaderno (<a href=\"http:\/\/devueltaconelcuaderno.blogspot.com\" target=\"_blank\"><strong>aqu\u00ed, blog hom\u00f3nimo<\/strong><\/a>) similar al que tuve el placer de impartir el a\u00f1o pasado en <a href=\"http:\/\/www.4ojos.com\/blog\/index.php?s=jaca\" target=\"_blank\"><strong>Jaca<\/strong><\/a>. Ya se puede <a href=\"http:\/\/www.esda.es\/html\/pdf\/Instrucciones.pdf\">formalizar la  matr\u00edcula<\/a>. <a href=\"http:\/\/www.esda.es\/html\/pdf\/Formulario.pdf\">Aqu\u00ed  est\u00e1 el formulario <\/a>que hay que rellenar y entregar a la Escuela Superior de Dise\u00f1o de Arag\u00f3n. El programa y el resto de datos en la p\u00e1gina<a href=\"http:\/\/www.esda.es\/html\/index.htm\"> Web de la  ESDA<\/a>. Informaci\u00f3n sobre los profesores de este a\u00f1o, (<strong><a href=\"http:\/\/es.wikipedia.org\/wiki\/Marta_C%C3%A1rdenas\" target=\"_blank\">Marta C\u00e1rdenas,<\/a> <a href=\"http:\/\/seraquieagora.blogspot.com\/\" target=\"_blank\">M\u00f3nica Cid<\/a>, <a href=\"http:\/\/www.4ojos.com\/blog\/?p=3007\" target=\"_blank\">Alfredo<\/a>, <a href=\"http:\/\/www.jorgearranz.com\/\" target=\"_blank\">Arranz, <\/a><a href=\"http:\/\/www.4ojos.com\/blog\/index.php?s=jose+mar%C3%ADa+s%C3%A1nchez\" target=\"_blank\">Jose Mar\u00eda S\u00e1nchez<\/a> e <a href=\"http:\/\/www.h2omagazine.com\/expo37\/\" target=\"_blank\">Isidro Ferrer<\/a><\/strong>) <a href=\"http:\/\/devueltaconelcuaderno.blogspot.com\/2010\/05\/avance-del-curso-de-septiembre.html\" target=\"_blank\"><strong>aqu\u00ed.<\/strong><\/a><\/p>\n<p>\u00a1Nos vemos en Zaragoza!<\/p>\n","protected":false},"excerpt":{"rendered":"<p>Los dias 9, 10 y 11 del pr\u00f3ximo mes de septiembre se celebrar\u00e1 en Zaragoza un nuevo curso de De Vuelta con el Cuaderno (aqu\u00ed, blog hom\u00f3nimo) similar al que tuve el placer de impartir el a\u00f1o pasado en Jaca. Ya se puede formalizar la matr\u00edcula. Aqu\u00ed est\u00e1 el formulario que hay que rellenar y [&hellip;]<\/p>\n","protected":false},"author":1,"featured_media":0,"comment_status":"open","ping_status":"open","sticky":false,"template":"","format":"standard","meta":{"ngg_post_thumbnail":0},"categories":[12],"tags":[205,200],"_links":{"self":[{"href":"http:\/\/www.4ojos.com\/blog\/index.php?rest_route=\/wp\/v2\/posts\/3594"}],"collection":[{"href":"http:\/\/www.4ojos.com\/blog\/index.php?rest_route=\/wp\/v2\/posts"}],"about":[{"href":"http:\/\/www.4ojos.com\/blog\/index.php?rest_route=\/wp\/v2\/types\/post"}],"author":[{"embeddable":true,"href":"http:\/\/www.4ojos.com\/blog\/index.php?rest_route=\/wp\/v2\/users\/1"}],"replies":[{"embeddable":true,"href":"http:\/\/www.4ojos.com\/blog\/index.php?rest_route=%2Fwp%2Fv2%2Fcomments&post=3594"}],"version-history":[{"count":5,"href":"http:\/\/www.4ojos.com\/blog\/index.php?rest_route=\/wp\/v2\/posts\/3594\/revisions"}],"predecessor-version":[{"id":3602,"href":"http:\/\/www.4ojos.com\/blog\/index.php?rest_route=\/wp\/v2\/posts\/3594\/revisions\/3602"}],"wp:attachment":[{"href":"http:\/\/www.4ojos.com\/blog\/index.php?rest_route=%2Fwp%2Fv2%2Fmedia&parent=3594"}],"wp:term":[{"taxonomy":"category","embeddable":true,"href":"http:\/\/www.4ojos.com\/blog\/index.php?rest_route=%2Fwp%2Fv2%2Fcategories&post=3594"},{"taxonomy":"post_tag","embeddable":true,"href":"http:\/\/www.4ojos.com\/blog\/index.php?rest_route=%2Fwp%2Fv2%2Ftags&post=3594"}],"curies":[{"name":"wp","href":"https:\/\/api.w.org\/{rel}","templated":true}]}}