{"id":3490,"date":"2010-05-27T11:31:11","date_gmt":"2010-05-27T09:31:11","guid":{"rendered":"http:\/\/www.4ojos.com\/blog\/?p=3490"},"modified":"2010-05-27T16:33:36","modified_gmt":"2010-05-27T14:33:36","slug":"firmas","status":"publish","type":"post","link":"http:\/\/www.4ojos.com\/blog\/?p=3490","title":{"rendered":"firmas"},"content":{"rendered":"<p><a href=\"http:\/\/www.4ojos.com\/blog\/imagenes\/varios\/firma-cuba.jpg\"><img loading=\"lazy\" class=\"alignnone\" src=\"http:\/\/www.4ojos.com\/blog\/imagenes\/varios\/firma-cuba.jpg\" alt=\"\" width=\"700\" height=\"525\" \/><\/a><\/p>\n<p>Estar\u00e9 firmando ejemplares de los libros<a href=\"http:\/\/www.edicionsdeponent.com\/cgi-bin\/obra.asp?id=135\" target=\"_blank\"><strong> &#8220;Cuba&#8221; <\/strong><\/a>y <a href=\"http:\/\/www.edicioneseljineteazul.com\/web.php?seccion=catalogo&amp;idioma=es&amp;id=8\" target=\"_blank\"><strong>&#8220;El encuentro&#8221; <\/strong><\/a>en la Feria del libro de Madrid:<br \/>\nEl viernes 28 de 19 a 21 en la caseta de FNAC (n\u00famero 327)<br \/>\nEl s\u00e1bado 29 de 1 a 2 en la caseta de Panta Rhei (n\u00famero 81)<\/p>\n<p>Tambi\u00e9n  presentar\u00e9 los libros y pasar\u00e9 algunas im\u00e1genes comentadas en la feria del libro de M\u00e9rida el s\u00e1bado 5 a la 1. Buena hora para un aperitivo que haremos a base de mojitos.<\/p>\n<p><a href=\"http:\/\/www.4ojos.com\/libros.html\" target=\"_blank\"><strong>Antonia Santolaya<\/strong><\/a> firmar\u00e1 sus libros el s\u00e1bado 29 a las 12,30 en la caseta de <a href=\"http:\/\/www.hotelpapel.com\/titulos\/violeta%20infantil%20album.html\" target=\"_blank\"><strong>HotelPapel <\/strong><\/a>(N\u00famero 185)<\/p>\n","protected":false},"excerpt":{"rendered":"<p>Estar\u00e9 firmando ejemplares de los libros &#8220;Cuba&#8221; y &#8220;El encuentro&#8221; en la Feria del libro de Madrid: El viernes 28 de 19 a 21 en la caseta de FNAC (n\u00famero 327) El s\u00e1bado 29 de 1 a 2 en la caseta de Panta Rhei (n\u00famero 81) Tambi\u00e9n presentar\u00e9 los libros y pasar\u00e9 algunas im\u00e1genes comentadas [&hellip;]<\/p>\n","protected":false},"author":1,"featured_media":0,"comment_status":"open","ping_status":"open","sticky":false,"template":"","format":"standard","meta":{"ngg_post_thumbnail":0},"categories":[13],"tags":[170,60],"_links":{"self":[{"href":"http:\/\/www.4ojos.com\/blog\/index.php?rest_route=\/wp\/v2\/posts\/3490"}],"collection":[{"href":"http:\/\/www.4ojos.com\/blog\/index.php?rest_route=\/wp\/v2\/posts"}],"about":[{"href":"http:\/\/www.4ojos.com\/blog\/index.php?rest_route=\/wp\/v2\/types\/post"}],"author":[{"embeddable":true,"href":"http:\/\/www.4ojos.com\/blog\/index.php?rest_route=\/wp\/v2\/users\/1"}],"replies":[{"embeddable":true,"href":"http:\/\/www.4ojos.com\/blog\/index.php?rest_route=%2Fwp%2Fv2%2Fcomments&post=3490"}],"version-history":[{"count":5,"href":"http:\/\/www.4ojos.com\/blog\/index.php?rest_route=\/wp\/v2\/posts\/3490\/revisions"}],"predecessor-version":[{"id":3522,"href":"http:\/\/www.4ojos.com\/blog\/index.php?rest_route=\/wp\/v2\/posts\/3490\/revisions\/3522"}],"wp:attachment":[{"href":"http:\/\/www.4ojos.com\/blog\/index.php?rest_route=%2Fwp%2Fv2%2Fmedia&parent=3490"}],"wp:term":[{"taxonomy":"category","embeddable":true,"href":"http:\/\/www.4ojos.com\/blog\/index.php?rest_route=%2Fwp%2Fv2%2Fcategories&post=3490"},{"taxonomy":"post_tag","embeddable":true,"href":"http:\/\/www.4ojos.com\/blog\/index.php?rest_route=%2Fwp%2Fv2%2Ftags&post=3490"}],"curies":[{"name":"wp","href":"https:\/\/api.w.org\/{rel}","templated":true}]}}