{"id":3444,"date":"2010-05-13T15:26:00","date_gmt":"2010-05-13T14:26:00","guid":{"rendered":"http:\/\/www.4ojos.com\/blog\/?p=3444"},"modified":"2010-05-13T15:26:00","modified_gmt":"2010-05-13T14:26:00","slug":"otra-escena","status":"publish","type":"post","link":"http:\/\/www.4ojos.com\/blog\/?p=3444","title":{"rendered":"otra escena"},"content":{"rendered":"<p><a href=\"http:\/\/www.4ojos.com\/blog\/imagenes\/otros\/expo-carrio-ferrer-gil.jpg\"><img loading=\"lazy\" class=\"alignnone\" src=\"http:\/\/www.4ojos.com\/blog\/imagenes\/otros\/expo-carrio-ferrer-gil.jpg\" alt=\"\" width=\"700\" height=\"219\" \/><\/a><\/p>\n<p>Ma\u00f1ana viernes a las 20 hrs. se inaugura una exposici\u00f3n de trabajos de Isidro Ferrer, Emilio Gil y Pep Carri\u00f3 en la <a href=\"http:\/\/www.dionisbenassargaleriadearte.es\" target=\"_blank\"><strong>Galer\u00eda Benassar<\/strong><\/a>. C\/ San Lorenzo, 15. Madrid<\/p>\n","protected":false},"excerpt":{"rendered":"<p>Ma\u00f1ana viernes a las 20 hrs. se inaugura una exposici\u00f3n de trabajos de Isidro Ferrer, Emilio Gil y Pep Carri\u00f3 en la Galer\u00eda Benassar. C\/ San Lorenzo, 15. Madrid<\/p>\n","protected":false},"author":1,"featured_media":0,"comment_status":"open","ping_status":"open","sticky":false,"template":"","format":"standard","meta":{"ngg_post_thumbnail":0},"categories":[13],"tags":[197,56],"_links":{"self":[{"href":"http:\/\/www.4ojos.com\/blog\/index.php?rest_route=\/wp\/v2\/posts\/3444"}],"collection":[{"href":"http:\/\/www.4ojos.com\/blog\/index.php?rest_route=\/wp\/v2\/posts"}],"about":[{"href":"http:\/\/www.4ojos.com\/blog\/index.php?rest_route=\/wp\/v2\/types\/post"}],"author":[{"embeddable":true,"href":"http:\/\/www.4ojos.com\/blog\/index.php?rest_route=\/wp\/v2\/users\/1"}],"replies":[{"embeddable":true,"href":"http:\/\/www.4ojos.com\/blog\/index.php?rest_route=%2Fwp%2Fv2%2Fcomments&post=3444"}],"version-history":[{"count":2,"href":"http:\/\/www.4ojos.com\/blog\/index.php?rest_route=\/wp\/v2\/posts\/3444\/revisions"}],"predecessor-version":[{"id":3446,"href":"http:\/\/www.4ojos.com\/blog\/index.php?rest_route=\/wp\/v2\/posts\/3444\/revisions\/3446"}],"wp:attachment":[{"href":"http:\/\/www.4ojos.com\/blog\/index.php?rest_route=%2Fwp%2Fv2%2Fmedia&parent=3444"}],"wp:term":[{"taxonomy":"category","embeddable":true,"href":"http:\/\/www.4ojos.com\/blog\/index.php?rest_route=%2Fwp%2Fv2%2Fcategories&post=3444"},{"taxonomy":"post_tag","embeddable":true,"href":"http:\/\/www.4ojos.com\/blog\/index.php?rest_route=%2Fwp%2Fv2%2Ftags&post=3444"}],"curies":[{"name":"wp","href":"https:\/\/api.w.org\/{rel}","templated":true}]}}