{"id":3439,"date":"2010-05-16T01:28:32","date_gmt":"2010-05-16T00:28:32","guid":{"rendered":"http:\/\/www.4ojos.com\/blog\/?p=3439"},"modified":"2011-03-28T04:07:25","modified_gmt":"2011-03-28T02:07:25","slug":"salita-de-caceres","status":"publish","type":"post","link":"http:\/\/www.4ojos.com\/blog\/?p=3439","title":{"rendered":"salita de c\u00e1ceres\/primera edici\u00f3n"},"content":{"rendered":"<p><a href=\"http:\/\/www.4ojos.com\/blog\/imagenes\/actualidad\/BannerSALITA.jpg\"><img loading=\"lazy\" class=\"alignnone\" src=\"http:\/\/www.4ojos.com\/blog\/imagenes\/actualidad\/BannerSALITA.jpg\" alt=\"\" width=\"700\" height=\"314\" \/><\/a><\/p>\n<p><a href=\"http:\/\/www.4ojos.com\/blog\/imagenes\/varios\/salita1.jpg\"><img loading=\"lazy\" class=\"alignnone\" src=\"http:\/\/www.4ojos.com\/blog\/imagenes\/varios\/salita1.jpg\" alt=\"\" width=\"700\" height=\"525\" \/><\/a><\/p>\n<p><a href=\"http:\/\/www.4ojos.com\/blog\/imagenes\/varios\/salita2.jpg\"><img loading=\"lazy\" class=\"alignnone\" src=\"http:\/\/www.4ojos.com\/blog\/imagenes\/varios\/salita2.jpg\" alt=\"\" width=\"700\" height=\"525\" \/><\/a><\/p>\n<p>El pr\u00f3ximo dia 19 se inaugurar\u00e1 en C\u00e1ceres la primera edici\u00f3n de un minisal\u00f3n del C\u00f3mic al que deseamos larga vida. Organizan los infatigables chicos de <a href=\"http:\/\/extremaduracomic.blogspot.com\/\" target=\"_blank\"><strong>Extrebeo<\/strong><\/a>, con mi viejo amigo <a href=\"http:\/\/decimavictima.blogspot.com\/\" target=\"_blank\"><strong>Jose Luis Forte<\/strong><\/a> a la cabeza. Entre los originales expuestos habr\u00e1 alguna cosa m\u00eda.<br \/>\nEl blog oficial, con la programaci\u00f3n, <a href=\"http:\/\/salitadelcomic.blogspot.com\/\" target=\"_blank\"><strong>aqu\u00ed. <\/strong><\/a>M\u00e1s informaci\u00f3n y fotos,<a href=\"http:\/\/feriaarteaparte.blogspot.com\/search\/label\/Salita%20del%20c%C3%B3mic\" target=\"_blank\"> <strong>aqu\u00ed.<\/strong><\/a><a href=\"http:\/\/salitadelcomic.blogspot.com\/\" target=\"_blank\"><strong><br \/>\n<\/strong><\/a><br \/>\nACTUALIZACION: Los sillones orejeros pueden verse en su totalidad<a href=\"http:\/\/extremaduracomic.blogspot.com\/2010\/06\/salita-del-comic-caceres-2010-sillones.html\" target=\"_blank\"><strong> aqu\u00ed.<\/strong><\/a><\/p>\n<p>OTRA ACTUALIZACION: un video sobre el evento.[youtube]http:\/\/www.youtube.com\/watch?v=BMNPNSrvURE[\/youtube]<\/p>\n","protected":false},"excerpt":{"rendered":"<p>El pr\u00f3ximo dia 19 se inaugurar\u00e1 en C\u00e1ceres la primera edici\u00f3n de un minisal\u00f3n del C\u00f3mic al que deseamos larga vida. Organizan los infatigables chicos de Extrebeo, con mi viejo amigo Jose Luis Forte a la cabeza. Entre los originales expuestos habr\u00e1 alguna cosa m\u00eda. El blog oficial, con la programaci\u00f3n, aqu\u00ed. M\u00e1s informaci\u00f3n y [&hellip;]<\/p>\n","protected":false},"author":1,"featured_media":0,"comment_status":"open","ping_status":"open","sticky":false,"template":"","format":"standard","meta":{"ngg_post_thumbnail":0},"categories":[12],"tags":[197,56,106,48],"_links":{"self":[{"href":"http:\/\/www.4ojos.com\/blog\/index.php?rest_route=\/wp\/v2\/posts\/3439"}],"collection":[{"href":"http:\/\/www.4ojos.com\/blog\/index.php?rest_route=\/wp\/v2\/posts"}],"about":[{"href":"http:\/\/www.4ojos.com\/blog\/index.php?rest_route=\/wp\/v2\/types\/post"}],"author":[{"embeddable":true,"href":"http:\/\/www.4ojos.com\/blog\/index.php?rest_route=\/wp\/v2\/users\/1"}],"replies":[{"embeddable":true,"href":"http:\/\/www.4ojos.com\/blog\/index.php?rest_route=%2Fwp%2Fv2%2Fcomments&post=3439"}],"version-history":[{"count":9,"href":"http:\/\/www.4ojos.com\/blog\/index.php?rest_route=\/wp\/v2\/posts\/3439\/revisions"}],"predecessor-version":[{"id":5044,"href":"http:\/\/www.4ojos.com\/blog\/index.php?rest_route=\/wp\/v2\/posts\/3439\/revisions\/5044"}],"wp:attachment":[{"href":"http:\/\/www.4ojos.com\/blog\/index.php?rest_route=%2Fwp%2Fv2%2Fmedia&parent=3439"}],"wp:term":[{"taxonomy":"category","embeddable":true,"href":"http:\/\/www.4ojos.com\/blog\/index.php?rest_route=%2Fwp%2Fv2%2Fcategories&post=3439"},{"taxonomy":"post_tag","embeddable":true,"href":"http:\/\/www.4ojos.com\/blog\/index.php?rest_route=%2Fwp%2Fv2%2Ftags&post=3439"}],"curies":[{"name":"wp","href":"https:\/\/api.w.org\/{rel}","templated":true}]}}