{"id":3119,"date":"2010-03-19T02:22:24","date_gmt":"2010-03-19T01:22:24","guid":{"rendered":"http:\/\/www.4ojos.com\/blog\/?p=3119"},"modified":"2010-03-19T02:22:24","modified_gmt":"2010-03-19T01:22:24","slug":"yo-alego","status":"publish","type":"post","link":"http:\/\/www.4ojos.com\/blog\/?p=3119","title":{"rendered":"yo alego"},"content":{"rendered":"<p><a href=\"http:\/\/www.4ojos.com\/blog\/imagenes\/actualidad\/nuclear.jpg\"><img loading=\"lazy\" class=\"aligncenter\" src=\"http:\/\/www.4ojos.com\/blog\/imagenes\/actualidad\/nuclear.jpg\" alt=\"\" width=\"500\" height=\"131\" \/><\/a><\/p>\n<p>Hasta el 26 de marzo estamos a tiempo para remitir alegaciones contra la instalaci\u00f3n del cementerio nuclear en Albal\u00e1 (C\u00e1ceres). Existe un riesgo cierto de que este emplazamiento sea elegido finalmente y tenemos que impedirlo.<\/p>\n<p>Estas alegaciones pueden presentarse de dos maneras:<\/p>\n<p>Por correo electr\u00f3nico. Copiando y pegando el texto que figura a continuaci\u00f3n en el cuerpo de un correo nuevo, poniendo en Asunto: &#8220;Alegaciones ATC&#8221; y dirigido a: alegaciones@emplazamientoatc.es<br \/>\nPor correo postal. Copiando e imprimiendo este texto, para enviar por correo postal a la direcci\u00f3n del encabezamiento, o bien entreg\u00e1ndola en una &#8220;ventanilla \u00fanica&#8221; de cualquier ayuntamiento.<\/p>\n<p>Sr. Secretario de Estado de Energ\u00eda<br \/>\nPresidente de la Comisi\u00f3n Interministerial para la<br \/>\nselecci\u00f3n del emplazamiento del ATC<br \/>\nMinisterio de Industria, Turismo y Comercio<br \/>\nPaseo de la Castellana, 160<br \/>\n28046 Madrid.<\/p>\n<p>D.\u00a0\u00a0\u00a0\u00a0\u00a0\u00a0\u00a0\u00a0\u00a0\u00a0\u00a0\u00a0\u00a0\u00a0\u00a0\u00a0\u00a0\u00a0\u00a0\u00a0\u00a0\u00a0\u00a0\u00a0\u00a0\u00a0\u00a0\u00a0\u00a0\u00a0\u00a0\u00a0\u00a0\u00a0\u00a0\u00a0\u00a0\u00a0\u00a0\u00a0\u00a0\u00a0\u00a0\u00a0\u00a0\u00a0\u00a0\u00a0\u00a0\u00a0\u00a0\u00a0\u00a0\u00a0\u00a0\u00a0\u00a0\u00a0\u00a0\u00a0\u00a0\u00a0\u00a0\u00a0\u00a0\u00a0\u00a0\u00a0\u00a0\u00a0\u00a0\u00a0\u00a0\u00a0\u00a0\u00a0\u00a0\u00a0\u00a0\u00a0\u00a0\u00a0\u00a0\u00a0\u00a0\u00a0\u00a0\u00a0\u00a0\u00a0\u00a0\u00a0\u00a0\u00a0\u00a0\u00a0\u00a0\u00a0\u00a0\u00a0\u00a0\u00a0 con DNI<br \/>\nDomiciliado en\u00a0\u00a0\u00a0\u00a0\u00a0\u00a0\u00a0\u00a0\u00a0\u00a0\u00a0\u00a0\u00a0\u00a0\u00a0\u00a0\u00a0\u00a0\u00a0\u00a0\u00a0\u00a0\u00a0\u00a0\u00a0\u00a0\u00a0\u00a0\u00a0\u00a0\u00a0\u00a0\u00a0\u00a0\u00a0\u00a0\u00a0\u00a0\u00a0\u00a0\u00a0\u00a0\u00a0\u00a0\u00a0\u00a0\u00a0\u00a0\u00a0 , calle o plaza<br \/>\nC\u00f3digo postal<\/p>\n<p>En relaci\u00f3n con la presentaci\u00f3n del Municipio de Albal\u00e1 (C\u00e1ceres) como candidato para albergar el Almac\u00e9n Transitorio Centralizado (ATC), seg\u00fan la Orden Ministerial aparecida en el BOE de 29 de diciembre de 2009, presenta las siguientes ALEGACIONES:<\/p>\n<p>1.\u00a0\u00a0\u00a0 El proceso de b\u00fasqueda de candidatos ha presentado importantes defectos como la falta de debate ciudadano y de transparencia en las negociaciones entre los representantes del Gobierno y de ENRESA con el ayuntamiento de Albal\u00e1. La decisi\u00f3n de dicho ayuntamiento para la presentaci\u00f3n de la candidatura, el 29 de enero de 2010, fue realizada con precipitaci\u00f3n, sin informaci\u00f3n a los vecinos, con el voto en contra del Alcalde, en un pleno \u201cextraordinario y urgente\u201d. El procedimiento ha vulnerado el derecho a la participaci\u00f3n, en la definici\u00f3n de las condiciones del emplazamiento del ATC, amparado por el Convenio europeo de Aarhus y la Ley 27\/2006, relativa a los derechos de acceso a la informaci\u00f3n, participaci\u00f3n p\u00fablica y acceso a la justicia en materia de medio ambiente.<br \/>\n2.\u00a0\u00a0\u00a0 Diferentes representantes del Gobierno, incluidos el Presidente, la Vicepresidenta y el Ministro de Industria, han manifestado p\u00fablicamente que el ATC se instalar\u00eda con el m\u00e1ximo consenso posible. Sin embargo, en la zona de Albal\u00e1 se observa no s\u00f3lo una falta de consenso social y pol\u00edtico a favor, sino que adem\u00e1s puede comprobarse un manifiesto consenso pol\u00edtico y social en contra de la instalaci\u00f3n, como han demostrado las m\u00faltiples movilizaciones sociales y las declaraciones de representantes de importantes sectores sociales, como los empresarios, agricultores y ganaderos. Tambi\u00e9n la Diputaci\u00f3n Provincial de C\u00e1ceres, la Mancomunidad de Municipios, la Asociaci\u00f3n para el Desarrollo de la Comarca (ADISMONTA) y la mayor\u00eda de los ayuntamientos del entorno han aprobado resoluciones expresas contrarias al almac\u00e9n de residuos radiactivos.<br \/>\n3.\u00a0\u00a0\u00a0 El Parlamento Espa\u00f1ol aprob\u00f3 por mayor\u00eda que es imprescindible tener en cuenta a las Comunidades Aut\u00f3nomas en el proceso. La Junta de Extremadura se ha mostrado claramente en contra de la instalaci\u00f3n del ATC en esta autonom\u00eda, como han declarado repetidamente el Presidente de la Junta, la Portavoz del Gobierno regional y el Consejero de Industria, Energ\u00eda y Medio Ambiente, entre otros. Asimismo, el Parlamento regional (Asamblea de Extremadura) vot\u00f3 por unanimidad en contra de la construcci\u00f3n del ATC en esta comunidad, el 18 de febrero de 2010.<br \/>\n4.\u00a0\u00a0\u00a0 En contra de lo afirmado por los responsables de ENRESA, el ATC no aportar\u00e1 riqueza a la zona, puesto que los aproximadamente 50 puestos de trabajo estables son especializados y las compensaciones no son suficientes para garantizar un desarrollo armonioso. La prueba de esto es que Hornachuelos, el municipio pr\u00f3ximo al almac\u00e9n nuclear de El Cabril, ha perdido el 5% de su poblaci\u00f3n en 2009, tendencia que es com\u00fan a todos los municipios pr\u00f3ximos a instalaciones nucleares.<br \/>\n5.\u00a0\u00a0\u00a0 El municipio de Albal\u00e1 no cuenta con estaci\u00f3n de ferrocarril pr\u00f3xima y las carreteras de acceso al municipio, por las que circular\u00edan los transportes especiales pesados, no cumplen con las condiciones para el tr\u00e1nsito seguro de los veh\u00edculos con los contenedores de residuos.<br \/>\n6.\u00a0\u00a0\u00a0 El \u00e1rea afectada se ubica a muy pocos kil\u00f3metros de distancia a dos espacios pertenecientes a la Red de Espacios Naturales Protegidos de Extremadura y Red Natura 2.000: \u201cLlanos de C\u00e1ceres y Sierra de Fuentes\u201d, al norte, y \u201cSierra de San Pedro\u201d, al oeste, ambos declarados Zona de Inter\u00e9s Regional -ZIR- por la Ley 9\/2006, por la que se modifica la Ley 8\/1998 de Conservaci\u00f3n de la Naturaleza y Espacios Naturales de Extremadura, Zona de Especial Protecci\u00f3n para las Aves -ZEPA- por la Directiva 79\/409\/CEE relativa a la conservaci\u00f3n de las aves silvestres\u00a0 y Lugar de Importancia Comunitaria -LIC-, en el caso de Sierra de San Pedro, por la Directiva 92\/43\/CEE, relativa a la conservaci\u00f3n de los h\u00e1bitats naturales y de la fauna y flora silvestres. Asimismo, existen en la comarca tres ejemplares de encina declarados \u201c\u00c1rboles Singulares\u201d: La Terrona (Zarza de Mont\u00e1nchez), La Nieta (Torre de Santa Mar\u00eda) y La Solana (Valdefuentes).<br \/>\n7.\u00a0\u00a0\u00a0 La instalaci\u00f3n de un ATC ocupar\u00eda varias hect\u00e1reas de terreno y un volumen imposible de integrar a nivel est\u00e9tico-paisaj\u00edstico. La zona de ubicaci\u00f3n propuesta tiene una amplia cuenca visual y se ubica en un paisaje rural muy bien conservado, siendo la dehesa de encinas su rasgo m\u00e1s representativo y singular, que define las se\u00f1as de identidad de la comarca. Albal\u00e1 se localiza en el centro geogr\u00e1fico de Extremadura, por lo que la afecci\u00f3n a nivel visual y de accesibilidad de un gran complejo de este tipo resulta m\u00e1xima.<br \/>\n8.\u00a0\u00a0\u00a0 La Comarca Sierra de Mont\u00e1nchez-Tamuja basa su desarrollo econ\u00f3mico en productos agroalimentarios de calidad, con marchamo diferenciado y denominaciones de origen: jam\u00f3n ib\u00e9rico, embutidos derivados del cerdo ib\u00e9rico, quesos de oveja, vinos, higos&#8230;, participando adem\u00e1s de una caba\u00f1a ganadera en r\u00e9gimen de producci\u00f3n extensiva, con vacuno retinto, caballar, ovino, caprino y cerda, que exige un sistema de gesti\u00f3n y comercializaci\u00f3n muy competitivo, donde prima la estricta certificaci\u00f3n bajo consejos reguladores y la imagen de calidad y garant\u00eda de los productos. Un ATC en esta zona romper\u00eda totalmente con la industria agroalimentaria comarcal, su imagen y la seguridad de un mercado ya consolidado.<br \/>\n9.\u00a0\u00a0\u00a0 Los pueblos de Sierra de Mont\u00e1chez-Tamuja han apostado desde hace a\u00f1os por el desarrollo de iniciativas tur\u00edsticas que centran su oferta en el atractivo de sus recursos naturales, el paisaje, la vegetaci\u00f3n, la fauna, el patrimonio hist\u00f3rico y monumental, la etnograf\u00eda, gastronom\u00eda y folclore, todo ello ligado indivisiblemente al territorio, donde no tiene cabida una instalaci\u00f3n industrial ajena a la comarca, desligada de la historia y la producci\u00f3n tradicional o end\u00f3gena. Un ATC afectar\u00eda muy negativamente a las promociones tur\u00edsticas, como casas y hoteles rurales, rutas de ecoturismo y senderismo, fiestas populares, degustaciones gastron\u00f3micas, encuentros culturales, centros de investigaci\u00f3n y educaci\u00f3n ambiental&#8230; y centros y rutas culturales, que suponen una dimanizaci\u00f3n social y econ\u00f3mica importante para todos los municipios de la zona.<br \/>\n10. El ATC es un cementerio de residuos radiactivos con un elevado potencial radiot\u00f3xico. Algunos de estos residuos, como el Plutonio-239, tienen una vida media de 24.000 a\u00f1os.<\/p>\n<p>11. La gesti\u00f3n de los residuos radiactivos de alta actividad es actualmente un problema no resuelto en ning\u00fan pa\u00eds del mundo y ha quedado demostrado que no existe, ni ahora ni en el futuro previsible, ninguna forma de gesti\u00f3n definitiva satisfactoria de los estos residuos desde el punto de vista t\u00e9cnico. Un estudio de la universidad brit\u00e1nica de Cambridge (Ian Farnan, Herman Cho &amp; William J. Weber), publicado en la revista \u201cNature\u201d (n\u00ba 445, 190-193, 11 de enero de 2007), demuestra que los materiales que se usan para encapsular y almacenar los residuos radiactivos de alta actividad no resistir\u00e1n el tiempo suficiente el bombardeo de \u00e1tomos del Plutonio 239 que almacenan, por descomposici\u00f3n de los materiales.<\/p>\n<p>12. No procede decidir sobre el almacenamiento de los residuos de alta actividad hasta que no exista un calendario y un plan de cierre de todas las centrales nucleares de Espa\u00f1a. Entonces ser\u00e1 el momento de buscar un consenso social, pol\u00edtico y territorial.<\/p>\n<p>Por todas las razones anteriores<\/p>\n<p>SOLICITA:<\/p>\n<p>Que se rechace la candidatura del municipio de Albal\u00e1 para la instalaci\u00f3n del ATC.<\/p>\n<p>En\u00a0\u00a0\u00a0\u00a0\u00a0\u00a0\u00a0\u00a0\u00a0\u00a0\u00a0\u00a0\u00a0\u00a0\u00a0\u00a0\u00a0\u00a0\u00a0\u00a0\u00a0\u00a0\u00a0\u00a0\u00a0\u00a0\u00a0\u00a0\u00a0 a\u00a0\u00a0\u00a0\u00a0\u00a0\u00a0\u00a0\u00a0\u00a0 de marzo de 2010.<\/p>\n<p>Firmado:<\/p>\n","protected":false},"excerpt":{"rendered":"<p>Hasta el 26 de marzo estamos a tiempo para remitir alegaciones contra la instalaci\u00f3n del cementerio nuclear en Albal\u00e1 (C\u00e1ceres). Existe un riesgo cierto de que este emplazamiento sea elegido finalmente y tenemos que impedirlo. Estas alegaciones pueden presentarse de dos maneras: Por correo electr\u00f3nico. Copiando y pegando el texto que figura a continuaci\u00f3n en [&hellip;]<\/p>\n","protected":false},"author":1,"featured_media":0,"comment_status":"open","ping_status":"open","sticky":false,"template":"","format":"standard","meta":{"ngg_post_thumbnail":0},"categories":[13],"tags":[106,126],"_links":{"self":[{"href":"http:\/\/www.4ojos.com\/blog\/index.php?rest_route=\/wp\/v2\/posts\/3119"}],"collection":[{"href":"http:\/\/www.4ojos.com\/blog\/index.php?rest_route=\/wp\/v2\/posts"}],"about":[{"href":"http:\/\/www.4ojos.com\/blog\/index.php?rest_route=\/wp\/v2\/types\/post"}],"author":[{"embeddable":true,"href":"http:\/\/www.4ojos.com\/blog\/index.php?rest_route=\/wp\/v2\/users\/1"}],"replies":[{"embeddable":true,"href":"http:\/\/www.4ojos.com\/blog\/index.php?rest_route=%2Fwp%2Fv2%2Fcomments&post=3119"}],"version-history":[{"count":2,"href":"http:\/\/www.4ojos.com\/blog\/index.php?rest_route=\/wp\/v2\/posts\/3119\/revisions"}],"predecessor-version":[{"id":3122,"href":"http:\/\/www.4ojos.com\/blog\/index.php?rest_route=\/wp\/v2\/posts\/3119\/revisions\/3122"}],"wp:attachment":[{"href":"http:\/\/www.4ojos.com\/blog\/index.php?rest_route=%2Fwp%2Fv2%2Fmedia&parent=3119"}],"wp:term":[{"taxonomy":"category","embeddable":true,"href":"http:\/\/www.4ojos.com\/blog\/index.php?rest_route=%2Fwp%2Fv2%2Fcategories&post=3119"},{"taxonomy":"post_tag","embeddable":true,"href":"http:\/\/www.4ojos.com\/blog\/index.php?rest_route=%2Fwp%2Fv2%2Ftags&post=3119"}],"curies":[{"name":"wp","href":"https:\/\/api.w.org\/{rel}","templated":true}]}}