{"id":1626,"date":"2009-05-04T01:30:53","date_gmt":"2009-05-04T00:30:53","guid":{"rendered":"http:\/\/www.4ojos.com\/blog\/?p=1626"},"modified":"2009-05-04T01:34:20","modified_gmt":"2009-05-04T00:34:20","slug":"transcantabrico2","status":"publish","type":"post","link":"http:\/\/www.4ojos.com\/blog\/?p=1626","title":{"rendered":"transcant\u00e1brico\/2"},"content":{"rendered":"<p><a href=\"http:\/\/www.4ojos.com\/blog\/imagenes\/varios\/caricatura-fede-del-barrio.jpg\"><img loading=\"lazy\" class=\"alignnone\" src=\"http:\/\/www.4ojos.com\/blog\/imagenes\/varios\/caricatura-fede-del-barrio.jpg\" alt=\"\" width=\"700\" height=\"509\" \/><\/a><br \/>\n<a href=\"http:\/\/www.4ojos.com\/blog\/imagenes\/varios\/caricatura-raul.jpg\"><img loading=\"lazy\" class=\"alignnone\" src=\"http:\/\/www.4ojos.com\/blog\/imagenes\/varios\/caricatura-raul.jpg\" alt=\"\" width=\"700\" height=\"509\" \/><\/a><a href=\"http:\/\/www.4ojos.com\/blog\/imagenes\/varios\/caricatura-alfredo-y-alcorlo.jpg\"><img loading=\"lazy\" class=\"alignnone\" src=\"http:\/\/www.4ojos.com\/blog\/imagenes\/varios\/caricatura-alfredo-y-alcorlo.jpg\" alt=\"\" width=\"700\" height=\"509\" \/><\/a><a href=\"http:\/\/www.4ojos.com\/blog\/imagenes\/varios\/caricatura-fernando-vicente.jpg\"><img loading=\"lazy\" class=\"alignnone\" src=\"http:\/\/www.4ojos.com\/blog\/imagenes\/varios\/caricatura-fernando-vicente.jpg\" alt=\"\" width=\"700\" height=\"509\" \/><\/a><a href=\"http:\/\/www.4ojos.com\/blog\/imagenes\/varios\/caricatura-jesus-egido.jpg\"><img loading=\"lazy\" class=\"alignnone\" src=\"http:\/\/www.4ojos.com\/blog\/imagenes\/varios\/caricatura-jesus-egido.jpg\" alt=\"\" width=\"700\" height=\"509\" \/><\/a><\/p>\n<p>Ampl\u00edo<a href=\"http:\/\/www.4ojos.com\/blog\/?p=1618\" target=\"_blank\"><strong> mi entrada de ayer <\/strong><\/a>sobre el viaje en el Transcant\u00e1brico con estos retratos de dibujantes, y sin embargo amigos, que hice el \u00faltimo d\u00eda, justo cuando comenzaba a entonarme. De arriba abajo, Federico Del Barrio, Ra\u00fal, Alfredo y Alcorlo, Fernando Vicente y el editor de Rey Lear, Jes\u00fas Egido.<\/p>\n","protected":false},"excerpt":{"rendered":"<p>Ampl\u00edo mi entrada de ayer sobre el viaje en el Transcant\u00e1brico con estos retratos de dibujantes, y sin embargo amigos, que hice el \u00faltimo d\u00eda, justo cuando comenzaba a entonarme. De arriba abajo, Federico Del Barrio, Ra\u00fal, Alfredo y Alcorlo, Fernando Vicente y el editor de Rey Lear, Jes\u00fas Egido.<\/p>\n","protected":false},"author":1,"featured_media":0,"comment_status":"open","ping_status":"open","sticky":false,"template":"","format":"standard","meta":{"ngg_post_thumbnail":0},"categories":[13],"tags":[94],"_links":{"self":[{"href":"http:\/\/www.4ojos.com\/blog\/index.php?rest_route=\/wp\/v2\/posts\/1626"}],"collection":[{"href":"http:\/\/www.4ojos.com\/blog\/index.php?rest_route=\/wp\/v2\/posts"}],"about":[{"href":"http:\/\/www.4ojos.com\/blog\/index.php?rest_route=\/wp\/v2\/types\/post"}],"author":[{"embeddable":true,"href":"http:\/\/www.4ojos.com\/blog\/index.php?rest_route=\/wp\/v2\/users\/1"}],"replies":[{"embeddable":true,"href":"http:\/\/www.4ojos.com\/blog\/index.php?rest_route=%2Fwp%2Fv2%2Fcomments&post=1626"}],"version-history":[{"count":3,"href":"http:\/\/www.4ojos.com\/blog\/index.php?rest_route=\/wp\/v2\/posts\/1626\/revisions"}],"predecessor-version":[{"id":1628,"href":"http:\/\/www.4ojos.com\/blog\/index.php?rest_route=\/wp\/v2\/posts\/1626\/revisions\/1628"}],"wp:attachment":[{"href":"http:\/\/www.4ojos.com\/blog\/index.php?rest_route=%2Fwp%2Fv2%2Fmedia&parent=1626"}],"wp:term":[{"taxonomy":"category","embeddable":true,"href":"http:\/\/www.4ojos.com\/blog\/index.php?rest_route=%2Fwp%2Fv2%2Fcategories&post=1626"},{"taxonomy":"post_tag","embeddable":true,"href":"http:\/\/www.4ojos.com\/blog\/index.php?rest_route=%2Fwp%2Fv2%2Ftags&post=1626"}],"curies":[{"name":"wp","href":"https:\/\/api.w.org\/{rel}","templated":true}]}}