{"id":13585,"date":"2017-07-08T14:25:57","date_gmt":"2017-07-08T12:25:57","guid":{"rendered":"http:\/\/www.4ojos.com\/blog\/?p=13585"},"modified":"2017-07-15T12:15:56","modified_gmt":"2017-07-15T10:15:56","slug":"la-cuarta-pagina-719","status":"publish","type":"post","link":"http:\/\/www.4ojos.com\/blog\/?p=13585","title":{"rendered":"la cuarta p\u00e1gina \/720"},"content":{"rendered":"<p><a href=\"http:\/\/www.4ojos.com\/blog\/imagenes\/prensa\/el-pais\/el-pais-cuarta-pagina-turquia-marcha.jpg\"><img loading=\"lazy\" class=\"alignnone\" src=\"http:\/\/www.4ojos.com\/blog\/imagenes\/prensa\/el-pais\/el-pais-cuarta-pagina-turquia-marcha.jpg\" alt=\"\" width=\"500\" height=\"780\" \/><\/a><\/p>\n<h1 id=\"articulo-titulo\"><a href=\"https:\/\/elpais.com\/elpais\/2017\/07\/07\/opinion\/1499422780_092939.html\">La marcha por la justicia, por<br \/>\n<\/a><\/h1>\n<div>\n<div>\n<div><a href=\"https:\/\/elpais.com\/elpais\/2017\/07\/07\/opinion\/1499422780_092939.html\">Kemal K\u0131l\u0131\u00e7daro\u011flu<\/a><\/div>\n<\/div>\n<\/div>\n","protected":false},"excerpt":{"rendered":"<p>La marcha por la justicia, por Kemal K\u0131l\u0131\u00e7daro\u011flu<\/p>\n","protected":false},"author":1,"featured_media":0,"comment_status":"open","ping_status":"open","sticky":false,"template":"","format":"standard","meta":{"ngg_post_thumbnail":0},"categories":[13],"tags":[16],"_links":{"self":[{"href":"http:\/\/www.4ojos.com\/blog\/index.php?rest_route=\/wp\/v2\/posts\/13585"}],"collection":[{"href":"http:\/\/www.4ojos.com\/blog\/index.php?rest_route=\/wp\/v2\/posts"}],"about":[{"href":"http:\/\/www.4ojos.com\/blog\/index.php?rest_route=\/wp\/v2\/types\/post"}],"author":[{"embeddable":true,"href":"http:\/\/www.4ojos.com\/blog\/index.php?rest_route=\/wp\/v2\/users\/1"}],"replies":[{"embeddable":true,"href":"http:\/\/www.4ojos.com\/blog\/index.php?rest_route=%2Fwp%2Fv2%2Fcomments&post=13585"}],"version-history":[{"count":3,"href":"http:\/\/www.4ojos.com\/blog\/index.php?rest_route=\/wp\/v2\/posts\/13585\/revisions"}],"predecessor-version":[{"id":13590,"href":"http:\/\/www.4ojos.com\/blog\/index.php?rest_route=\/wp\/v2\/posts\/13585\/revisions\/13590"}],"wp:attachment":[{"href":"http:\/\/www.4ojos.com\/blog\/index.php?rest_route=%2Fwp%2Fv2%2Fmedia&parent=13585"}],"wp:term":[{"taxonomy":"category","embeddable":true,"href":"http:\/\/www.4ojos.com\/blog\/index.php?rest_route=%2Fwp%2Fv2%2Fcategories&post=13585"},{"taxonomy":"post_tag","embeddable":true,"href":"http:\/\/www.4ojos.com\/blog\/index.php?rest_route=%2Fwp%2Fv2%2Ftags&post=13585"}],"curies":[{"name":"wp","href":"https:\/\/api.w.org\/{rel}","templated":true}]}}