{"id":13368,"date":"2016-09-18T11:35:23","date_gmt":"2016-09-18T09:35:23","guid":{"rendered":"http:\/\/www.4ojos.com\/blog\/?p=13368"},"modified":"2016-09-18T11:35:23","modified_gmt":"2016-09-18T09:35:23","slug":"representar-la-ciudad","status":"publish","type":"post","link":"http:\/\/www.4ojos.com\/blog\/?p=13368","title":{"rendered":"representar la ciudad"},"content":{"rendered":"<p><a href=\"http:\/\/www.4ojos.com\/blog\/imagenes\/actualidad\/representar-la-ciudad-17-9-16-1.jpg\"><img loading=\"lazy\" class=\"alignnone\" src=\"http:\/\/www.4ojos.com\/blog\/imagenes\/actualidad\/representar-la-ciudad-17-9-16-1.jpg\" alt=\"\" width=\"700\" height=\"347\" \/><\/a><\/p>\n<p>El jueves pasado particip\u00e9 en una mesa redonda sobre &#8220;maneras de representar la ciudad&#8221; y escuch\u00e9, m\u00e1s que habl\u00e9, a antrop\u00f3logos, escritores y arquitectos sobre c\u00f3mo y para qu\u00e9 representar la ciudad donde vivimos.<br \/>\nEl programa de la serie de eventos del XI encuentro de Arquitecturas <strong>C<\/strong>olectivas, <a href=\" https:\/\/arquitecturascolectivas.net\/noticias\/programacion-aacc-mad-2016\"><strong>aqu\u00ed.<\/strong><\/a><\/p>\n<p><a href=\"http:\/\/www.4ojos.com\/blog\/imagenes\/actualidad\/representar-la-ciudad-17-9-16-2.jpg\"><img loading=\"lazy\" class=\"alignnone\" src=\"http:\/\/www.4ojos.com\/blog\/imagenes\/actualidad\/representar-la-ciudad-17-9-16-2.jpg\" alt=\"\" width=\"700\" height=\"347\" \/><\/a><br \/>\n<a href=\"http:\/\/www.4ojos.com\/blog\/imagenes\/actualidad\/representar-la-ciudad-17-9-16-3.jpg\"><img loading=\"lazy\" class=\"alignnone\" src=\"http:\/\/www.4ojos.com\/blog\/imagenes\/actualidad\/representar-la-ciudad-17-9-16-3.jpg\" alt=\"\" width=\"700\" height=\"347\" \/><\/a><br \/>\n<a href=\"http:\/\/www.4ojos.com\/blog\/imagenes\/actualidad\/representar-la-ciudad-17-9-16-4.jpg\"><img loading=\"lazy\" class=\"alignnone\" src=\"http:\/\/www.4ojos.com\/blog\/imagenes\/actualidad\/representar-la-ciudad-17-9-16-4.jpg\" alt=\"\" width=\"700\" height=\"347\" \/><\/a><br \/>\n<a href=\"http:\/\/www.4ojos.com\/blog\/imagenes\/actualidad\/representar-la-ciudad-17-9-16-5.jpg\"><img loading=\"lazy\" class=\"alignnone\" src=\"http:\/\/www.4ojos.com\/blog\/imagenes\/actualidad\/representar-la-ciudad-17-9-16-5.jpg\" alt=\"\" width=\"700\" height=\"347\" \/><\/a><br \/>\n<a href=\"http:\/\/www.4ojos.com\/blog\/imagenes\/actualidad\/representar-la-ciudad-17-9-16-6.jpg\"><img loading=\"lazy\" class=\"alignnone\" src=\"http:\/\/www.4ojos.com\/blog\/imagenes\/actualidad\/representar-la-ciudad-17-9-16-6.jpg\" alt=\"\" width=\"700\" height=\"347\" \/><\/a><\/p>\n","protected":false},"excerpt":{"rendered":"<p>El jueves pasado particip\u00e9 en una mesa redonda sobre &#8220;maneras de representar la ciudad&#8221; y escuch\u00e9, m\u00e1s que habl\u00e9, a antrop\u00f3logos, escritores y arquitectos sobre c\u00f3mo y para qu\u00e9 representar la ciudad donde vivimos. El programa de la serie de eventos del XI encuentro de Arquitecturas Colectivas, aqu\u00ed.<\/p>\n","protected":false},"author":1,"featured_media":0,"comment_status":"open","ping_status":"open","sticky":false,"template":"","format":"standard","meta":{"ngg_post_thumbnail":0},"categories":[13],"tags":[208,197,78],"_links":{"self":[{"href":"http:\/\/www.4ojos.com\/blog\/index.php?rest_route=\/wp\/v2\/posts\/13368"}],"collection":[{"href":"http:\/\/www.4ojos.com\/blog\/index.php?rest_route=\/wp\/v2\/posts"}],"about":[{"href":"http:\/\/www.4ojos.com\/blog\/index.php?rest_route=\/wp\/v2\/types\/post"}],"author":[{"embeddable":true,"href":"http:\/\/www.4ojos.com\/blog\/index.php?rest_route=\/wp\/v2\/users\/1"}],"replies":[{"embeddable":true,"href":"http:\/\/www.4ojos.com\/blog\/index.php?rest_route=%2Fwp%2Fv2%2Fcomments&post=13368"}],"version-history":[{"count":2,"href":"http:\/\/www.4ojos.com\/blog\/index.php?rest_route=\/wp\/v2\/posts\/13368\/revisions"}],"predecessor-version":[{"id":13370,"href":"http:\/\/www.4ojos.com\/blog\/index.php?rest_route=\/wp\/v2\/posts\/13368\/revisions\/13370"}],"wp:attachment":[{"href":"http:\/\/www.4ojos.com\/blog\/index.php?rest_route=%2Fwp%2Fv2%2Fmedia&parent=13368"}],"wp:term":[{"taxonomy":"category","embeddable":true,"href":"http:\/\/www.4ojos.com\/blog\/index.php?rest_route=%2Fwp%2Fv2%2Fcategories&post=13368"},{"taxonomy":"post_tag","embeddable":true,"href":"http:\/\/www.4ojos.com\/blog\/index.php?rest_route=%2Fwp%2Fv2%2Ftags&post=13368"}],"curies":[{"name":"wp","href":"https:\/\/api.w.org\/{rel}","templated":true}]}}