{"id":13351,"date":"2016-07-31T21:31:40","date_gmt":"2016-07-31T19:31:40","guid":{"rendered":"http:\/\/www.4ojos.com\/blog\/?p=13351"},"modified":"2016-08-01T08:24:36","modified_gmt":"2016-08-01T06:24:36","slug":"poblado-dirigido-de-fuencarral","status":"publish","type":"post","link":"http:\/\/www.4ojos.com\/blog\/?p=13351","title":{"rendered":"poblado dirigido de fuencarral"},"content":{"rendered":"<p><a href=\"http:\/\/www.4ojos.com\/blog\/imagenes\/varios\/fuencarral-30-7-16-1.jpg\"><img loading=\"lazy\" class=\"alignnone\" src=\"http:\/\/www.4ojos.com\/blog\/imagenes\/varios\/fuencarral-30-7-16-1.jpg\" alt=\"\" width=\"701\" height=\"348\" \/><\/a><\/p>\n<p>Las vecinas del Poblado Dirigido de Fuencarral prepararon ayer un paseo nost\u00e1lgico por su barrio dentro de las actividades de \u201dLos veranos de la villa\u201d. Este barrio fue construido en la d\u00e9cada de1950 por el arquitecto Jose Luis Romany l <a href=\"http:\/\/212.145.146.10\/biblioteca\/fondos\/ingra2014\/index.htm#inm.F3.33\"><strong>(m\u00e1s info aqu\u00ed)<\/strong><\/a> para acoger el aluvi\u00f3n de inmigrantes que satur\u00f3 Madrid esa d\u00e9cada.<br \/>\n<a href=\"http:\/\/www.4ojos.com\/blog\/imagenes\/varios\/fuencarral-30-7-16-2.jpg\"><img loading=\"lazy\" class=\"alignnone\" src=\"http:\/\/www.4ojos.com\/blog\/imagenes\/varios\/fuencarral-30-7-16-2.jpg\" alt=\"\" width=\"701\" height=\"348\" \/><\/a><br \/>\n<a href=\"http:\/\/www.4ojos.com\/blog\/imagenes\/varios\/fuencarral-30-7-16-3.jpg\"><img loading=\"lazy\" class=\"alignnone\" src=\"http:\/\/www.4ojos.com\/blog\/imagenes\/varios\/fuencarral-30-7-16-3.jpg\" alt=\"\" width=\"701\" height=\"348\" \/><\/a><\/p>\n","protected":false},"excerpt":{"rendered":"<p>Las vecinas del Poblado Dirigido de Fuencarral prepararon ayer un paseo nost\u00e1lgico por su barrio dentro de las actividades de \u201dLos veranos de la villa\u201d. Este barrio fue construido en la d\u00e9cada de1950 por el arquitecto Jose Luis Romany l (m\u00e1s info aqu\u00ed) para acoger el aluvi\u00f3n de inmigrantes que satur\u00f3 Madrid esa d\u00e9cada.<\/p>\n","protected":false},"author":1,"featured_media":0,"comment_status":"open","ping_status":"open","sticky":false,"template":"","format":"standard","meta":{"ngg_post_thumbnail":0},"categories":[13],"tags":[78],"_links":{"self":[{"href":"http:\/\/www.4ojos.com\/blog\/index.php?rest_route=\/wp\/v2\/posts\/13351"}],"collection":[{"href":"http:\/\/www.4ojos.com\/blog\/index.php?rest_route=\/wp\/v2\/posts"}],"about":[{"href":"http:\/\/www.4ojos.com\/blog\/index.php?rest_route=\/wp\/v2\/types\/post"}],"author":[{"embeddable":true,"href":"http:\/\/www.4ojos.com\/blog\/index.php?rest_route=\/wp\/v2\/users\/1"}],"replies":[{"embeddable":true,"href":"http:\/\/www.4ojos.com\/blog\/index.php?rest_route=%2Fwp%2Fv2%2Fcomments&post=13351"}],"version-history":[{"count":3,"href":"http:\/\/www.4ojos.com\/blog\/index.php?rest_route=\/wp\/v2\/posts\/13351\/revisions"}],"predecessor-version":[{"id":13353,"href":"http:\/\/www.4ojos.com\/blog\/index.php?rest_route=\/wp\/v2\/posts\/13351\/revisions\/13353"}],"wp:attachment":[{"href":"http:\/\/www.4ojos.com\/blog\/index.php?rest_route=%2Fwp%2Fv2%2Fmedia&parent=13351"}],"wp:term":[{"taxonomy":"category","embeddable":true,"href":"http:\/\/www.4ojos.com\/blog\/index.php?rest_route=%2Fwp%2Fv2%2Fcategories&post=13351"},{"taxonomy":"post_tag","embeddable":true,"href":"http:\/\/www.4ojos.com\/blog\/index.php?rest_route=%2Fwp%2Fv2%2Ftags&post=13351"}],"curies":[{"name":"wp","href":"https:\/\/api.w.org\/{rel}","templated":true}]}}