{"id":13235,"date":"2016-03-13T13:54:10","date_gmt":"2016-03-13T11:54:10","guid":{"rendered":"http:\/\/www.4ojos.com\/blog\/?p=13235"},"modified":"2016-03-14T19:08:37","modified_gmt":"2016-03-14T17:08:37","slug":"refugiados-7","status":"publish","type":"post","link":"http:\/\/www.4ojos.com\/blog\/?p=13235","title":{"rendered":"refugiados"},"content":{"rendered":"<p><a href=\"http:\/\/www.4ojos.com\/blog\/imagenes\/actualidad\/mani-refugiados-10-3-16.jpg\"><img loading=\"lazy\" class=\"alignnone\" src=\"http:\/\/www.4ojos.com\/blog\/imagenes\/actualidad\/mani-refugiados-10-3-16.jpg\" alt=\"\" width=\"700\" height=\"358\" \/><\/a><\/p>\n<p>El viernes estuve en una manifestaci\u00f3n que protestaba por el papel de la Uni\u00f3n Europea en la llamada &#8220;crisis de los refugiados&#8221;. Una bandera pol\u00e9mica torci\u00f3 la cara de algunos de los pocos asistentes. Pol\u00e9micas caseras aparte, el drama de esta gente contin\u00faa en su pa\u00eds, en el Egeo o en la frontera de Grecia con Macedonia<strong> <a href=\"https:\/\/www.youtube.com\/watch?v=Wn6Uq2ru5ds\" target=\"_blank\">(nos lo cuenta desde all\u00ed Jaime Alekos)<\/a><\/strong><a href=\"https:\/\/www.youtube.com\/watch?v=Wn6Uq2ru5ds\" target=\"_blank\">. <\/a><\/p>\n<p>Fotos de Juan Plaza<a href=\"https:\/\/www.facebook.com\/juanplaza01\/posts\/1676611932605012\" target=\"_blank\">,aqu\u00ed.<\/a><\/p>\n<p><a href=\"http:\/\/www.4ojos.com\/blog\/imagenes\/actualidad\/mani-refugiados-10-3-16-1.jpg\"><img loading=\"lazy\" class=\"alignnone\" src=\"http:\/\/www.4ojos.com\/blog\/imagenes\/actualidad\/mani-refugiados-10-3-16-1.jpg\" alt=\"\" width=\"700\" height=\"358\" \/><\/a><br \/>\n<a href=\"http:\/\/www.4ojos.com\/blog\/imagenes\/actualidad\/mani-refugiados-10-3-16-2.jpg\"><img loading=\"lazy\" class=\"alignnone\" src=\"http:\/\/www.4ojos.com\/blog\/imagenes\/actualidad\/mani-refugiados-10-3-16-2.jpg\" alt=\"\" width=\"700\" height=\"358\" \/><\/a><br \/>\n<a href=\"http:\/\/www.4ojos.com\/blog\/imagenes\/actualidad\/mani-refugiados-10-3-16-3.jpg\"><img loading=\"lazy\" class=\"alignnone\" src=\"http:\/\/www.4ojos.com\/blog\/imagenes\/actualidad\/mani-refugiados-10-3-16-3.jpg\" alt=\"\" width=\"700\" height=\"358\" \/><\/a><br \/>\n<a href=\"http:\/\/www.4ojos.com\/blog\/imagenes\/actualidad\/mani-refugiados-10-3-16-4.jpg\"><img loading=\"lazy\" class=\"alignnone\" src=\"http:\/\/www.4ojos.com\/blog\/imagenes\/actualidad\/mani-refugiados-10-3-16-4.jpg\" alt=\"\" width=\"700\" height=\"358\" \/><\/a><br \/>\n<a href=\"http:\/\/www.4ojos.com\/blog\/imagenes\/actualidad\/mani-refugiados-10-3-16-5.jpg\"><img loading=\"lazy\" class=\"alignnone\" src=\"http:\/\/www.4ojos.com\/blog\/imagenes\/actualidad\/mani-refugiados-10-3-16-5.jpg\" alt=\"\" width=\"700\" height=\"358\" \/><\/a><\/p>\n","protected":false},"excerpt":{"rendered":"<p>El viernes estuve en una manifestaci\u00f3n que protestaba por el papel de la Uni\u00f3n Europea en la llamada &#8220;crisis de los refugiados&#8221;. Una bandera pol\u00e9mica torci\u00f3 la cara de algunos de los pocos asistentes. Pol\u00e9micas caseras aparte, el drama de esta gente contin\u00faa en su pa\u00eds, en el Egeo o en la frontera de Grecia [&hellip;]<\/p>\n","protected":false},"author":1,"featured_media":0,"comment_status":"open","ping_status":"open","sticky":false,"template":"","format":"standard","meta":{"ngg_post_thumbnail":0},"categories":[13],"tags":[78,117],"_links":{"self":[{"href":"http:\/\/www.4ojos.com\/blog\/index.php?rest_route=\/wp\/v2\/posts\/13235"}],"collection":[{"href":"http:\/\/www.4ojos.com\/blog\/index.php?rest_route=\/wp\/v2\/posts"}],"about":[{"href":"http:\/\/www.4ojos.com\/blog\/index.php?rest_route=\/wp\/v2\/types\/post"}],"author":[{"embeddable":true,"href":"http:\/\/www.4ojos.com\/blog\/index.php?rest_route=\/wp\/v2\/users\/1"}],"replies":[{"embeddable":true,"href":"http:\/\/www.4ojos.com\/blog\/index.php?rest_route=%2Fwp%2Fv2%2Fcomments&post=13235"}],"version-history":[{"count":2,"href":"http:\/\/www.4ojos.com\/blog\/index.php?rest_route=\/wp\/v2\/posts\/13235\/revisions"}],"predecessor-version":[{"id":13238,"href":"http:\/\/www.4ojos.com\/blog\/index.php?rest_route=\/wp\/v2\/posts\/13235\/revisions\/13238"}],"wp:attachment":[{"href":"http:\/\/www.4ojos.com\/blog\/index.php?rest_route=%2Fwp%2Fv2%2Fmedia&parent=13235"}],"wp:term":[{"taxonomy":"category","embeddable":true,"href":"http:\/\/www.4ojos.com\/blog\/index.php?rest_route=%2Fwp%2Fv2%2Fcategories&post=13235"},{"taxonomy":"post_tag","embeddable":true,"href":"http:\/\/www.4ojos.com\/blog\/index.php?rest_route=%2Fwp%2Fv2%2Ftags&post=13235"}],"curies":[{"name":"wp","href":"https:\/\/api.w.org\/{rel}","templated":true}]}}