{"id":12983,"date":"2015-10-22T22:40:51","date_gmt":"2015-10-22T20:40:51","guid":{"rendered":"http:\/\/www.4ojos.com\/blog\/?p=12983"},"modified":"2015-10-22T23:35:13","modified_gmt":"2015-10-22T21:35:13","slug":"juliette-dejoue","status":"publish","type":"post","link":"http:\/\/www.4ojos.com\/blog\/?p=12983","title":{"rendered":"juliette dejou\u00e9"},"content":{"rendered":"<p><a href=\"http:\/\/www.4ojos.com\/blog\/imagenes\/otros\/juliette-dejoue-1.jpg\"><img loading=\"lazy\" alt=\"\" src=\"http:\/\/www.4ojos.com\/blog\/imagenes\/otros\/juliette-dejoue-1.jpg\" class=\"alignnone\" width=\"700\" height=\"525\" \/><\/a><\/p>\n<p>El viernes 23 a las 17h. dar\u00e9 una charla sobre cuadernos de viaje en el Instituto Cervantes de Casablanca junto a Juliette Dejou\u00e9 (aqu\u00ed os dejo im\u00e1genes de algunos de sus cuadernos) y Mohammed Fariji. Ser\u00e1 parte del segundo fin de semana de la actividad Dibujacasablanca organizada por AECID y el Museo ABC.<\/p>\n<p><a href=\"http:\/\/www.4ojos.com\/blog\/imagenes\/otros\/juliette-dejoue-2.jpg\"><img loading=\"lazy\" alt=\"\" src=\"http:\/\/www.4ojos.com\/blog\/imagenes\/otros\/juliette-dejoue-2.jpg\" class=\"alignnone\" width=\"700\" height=\"525\" \/><\/a><br \/>\n<a href=\"http:\/\/www.4ojos.com\/blog\/imagenes\/otros\/juliette-dejoue-3.jpg\"><img loading=\"lazy\" alt=\"\" src=\"http:\/\/www.4ojos.com\/blog\/imagenes\/otros\/juliette-dejoue-3.jpg\" class=\"alignnone\" width=\"700\" height=\"525\" \/><\/a><br \/>\n<a href=\"http:\/\/www.4ojos.com\/blog\/imagenes\/otros\/juliette-dejoue-4.jpg\"><img loading=\"lazy\" alt=\"\" src=\"http:\/\/www.4ojos.com\/blog\/imagenes\/otros\/juliette-dejoue-4.jpg\" class=\"alignnone\" width=\"700\" height=\"525\" \/><\/a><br \/>\n<a href=\"http:\/\/www.4ojos.com\/blog\/imagenes\/otros\/juliette-dejoue-5.jpg\"><img loading=\"lazy\" alt=\"\" src=\"http:\/\/www.4ojos.com\/blog\/imagenes\/otros\/juliette-dejoue-5.jpg\" class=\"alignnone\" width=\"700\" height=\"525\" \/><\/a><br \/>\n<a href=\"http:\/\/www.4ojos.com\/blog\/imagenes\/otros\/juliette-dejoue-6.jpg\"><img loading=\"lazy\" alt=\"\" src=\"http:\/\/www.4ojos.com\/blog\/imagenes\/otros\/juliette-dejoue-6.jpg\" class=\"alignnone\" width=\"700\" height=\"525\" \/><\/a><br \/>\n<a href=\"http:\/\/www.4ojos.com\/blog\/imagenes\/otros\/juliette-dejoue-8.jpg\"><img loading=\"lazy\" alt=\"\" src=\"http:\/\/www.4ojos.com\/blog\/imagenes\/otros\/juliette-dejoue-8.jpg\" class=\"alignnone\" width=\"700\" height=\"525\" \/><\/a><br \/>\n<a href=\"http:\/\/www.4ojos.com\/blog\/imagenes\/otros\/juliette-dejoue-9.jpg\"><img loading=\"lazy\" alt=\"\" src=\"http:\/\/www.4ojos.com\/blog\/imagenes\/otros\/juliette-dejoue-9.jpg\" class=\"alignnone\" width=\"700\" height=\"525\" \/><\/a><br \/>\n<a href=\"http:\/\/www.4ojos.com\/blog\/imagenes\/otros\/juliette-dejoue-10.jpg\"><img loading=\"lazy\" alt=\"\" src=\"http:\/\/www.4ojos.com\/blog\/imagenes\/otros\/juliette-dejoue-10.jpg\" class=\"alignnone\" width=\"700\" height=\"525\" \/><\/a><\/p>\n","protected":false},"excerpt":{"rendered":"<p>El viernes 23 a las 17h. dar\u00e9 una charla sobre cuadernos de viaje en el Instituto Cervantes de Casablanca junto a Juliette Dejou\u00e9 (aqu\u00ed os dejo im\u00e1genes de algunos de sus cuadernos) y Mohammed Fariji. Ser\u00e1 parte del segundo fin de semana de la actividad Dibujacasablanca organizada por AECID y el Museo ABC.<\/p>\n","protected":false},"author":1,"featured_media":0,"comment_status":"open","ping_status":"open","sticky":false,"template":"","format":"standard","meta":{"ngg_post_thumbnail":0},"categories":[13],"tags":[205],"_links":{"self":[{"href":"http:\/\/www.4ojos.com\/blog\/index.php?rest_route=\/wp\/v2\/posts\/12983"}],"collection":[{"href":"http:\/\/www.4ojos.com\/blog\/index.php?rest_route=\/wp\/v2\/posts"}],"about":[{"href":"http:\/\/www.4ojos.com\/blog\/index.php?rest_route=\/wp\/v2\/types\/post"}],"author":[{"embeddable":true,"href":"http:\/\/www.4ojos.com\/blog\/index.php?rest_route=\/wp\/v2\/users\/1"}],"replies":[{"embeddable":true,"href":"http:\/\/www.4ojos.com\/blog\/index.php?rest_route=%2Fwp%2Fv2%2Fcomments&post=12983"}],"version-history":[{"count":2,"href":"http:\/\/www.4ojos.com\/blog\/index.php?rest_route=\/wp\/v2\/posts\/12983\/revisions"}],"predecessor-version":[{"id":12992,"href":"http:\/\/www.4ojos.com\/blog\/index.php?rest_route=\/wp\/v2\/posts\/12983\/revisions\/12992"}],"wp:attachment":[{"href":"http:\/\/www.4ojos.com\/blog\/index.php?rest_route=%2Fwp%2Fv2%2Fmedia&parent=12983"}],"wp:term":[{"taxonomy":"category","embeddable":true,"href":"http:\/\/www.4ojos.com\/blog\/index.php?rest_route=%2Fwp%2Fv2%2Fcategories&post=12983"},{"taxonomy":"post_tag","embeddable":true,"href":"http:\/\/www.4ojos.com\/blog\/index.php?rest_route=%2Fwp%2Fv2%2Ftags&post=12983"}],"curies":[{"name":"wp","href":"https:\/\/api.w.org\/{rel}","templated":true}]}}