{"id":12957,"date":"2015-09-23T00:13:17","date_gmt":"2015-09-22T22:13:17","guid":{"rendered":"http:\/\/www.4ojos.com\/blog\/?p=12957"},"modified":"2015-09-23T12:11:04","modified_gmt":"2015-09-23T10:11:04","slug":"refugiados-5","status":"publish","type":"post","link":"http:\/\/www.4ojos.com\/blog\/?p=12957","title":{"rendered":"refugiados \/ 5"},"content":{"rendered":"<p><a href=\"http:\/\/www.4ojos.com\/blog\/imagenes\/actualidad\/mohr-charla-22-9-15.jpg\"><img loading=\"lazy\" class=\"alignnone\" src=\"http:\/\/www.4ojos.com\/blog\/imagenes\/actualidad\/mohr-charla-22-9-15.jpg\" alt=\"\" width=\"700\" height=\"370\" \/><\/a><\/p>\n<p>Mi amigo<a href=\"https:\/\/twitter.com\/juancarlosmohr\" target=\"_blank\"><strong> Juan Carlos Mohr <\/strong><\/a>ha pasado diez d\u00edas documentando lo que pasa en un campo de concentraci\u00f3n de la frontera entre Hungr\u00eda y Serbia y hoy nos ha ense\u00f1ado sus fotos, v\u00eddeos y nos ha contado las barbaridades que ha visto.<\/p>\n<p>TEN\u00c9IS que ver<a href=\"https:\/\/www.youtube.com\/watch?v=MEKZFzsMMGQ\" target=\"_blank\"><strong> la pel\u00edcula de 15min que hizo all\u00ed<\/strong><\/a><\/p>\n<p>El streaming de la charla, <a href=\"http:\/\/linkis.com\/bambuser.com\/v\/Vt2If\" target=\"_blank\"><strong>aqu\u00ed<\/strong><\/a><\/p>\n<p><a href=\"http:\/\/www.4ojos.com\/blog\/imagenes\/actualidad\/mohr-charla-22-9-15-1.jpg\"><img loading=\"lazy\" class=\"alignnone\" src=\"http:\/\/www.4ojos.com\/blog\/imagenes\/actualidad\/mohr-charla-22-9-15-1.jpg\" alt=\"\" width=\"700\" height=\"370\" \/><\/a><\/p>\n<p><a href=\"http:\/\/www.4ojos.com\/blog\/imagenes\/actualidad\/mohr-charla-22-9-15-2.jpg\"><img loading=\"lazy\" class=\"alignnone\" src=\"http:\/\/www.4ojos.com\/blog\/imagenes\/actualidad\/mohr-charla-22-9-15-2.jpg\" alt=\"\" width=\"700\" height=\"370\" \/><\/a><\/p>\n","protected":false},"excerpt":{"rendered":"<p>Mi amigo Juan Carlos Mohr ha pasado diez d\u00edas documentando lo que pasa en un campo de concentraci\u00f3n de la frontera entre Hungr\u00eda y Serbia y hoy nos ha ense\u00f1ado sus fotos, v\u00eddeos y nos ha contado las barbaridades que ha visto. TEN\u00c9IS que ver la pel\u00edcula de 15min que hizo all\u00ed El streaming de [&hellip;]<\/p>\n","protected":false},"author":1,"featured_media":0,"comment_status":"open","ping_status":"open","sticky":false,"template":"","format":"standard","meta":{"ngg_post_thumbnail":0},"categories":[13],"tags":[208,78],"_links":{"self":[{"href":"http:\/\/www.4ojos.com\/blog\/index.php?rest_route=\/wp\/v2\/posts\/12957"}],"collection":[{"href":"http:\/\/www.4ojos.com\/blog\/index.php?rest_route=\/wp\/v2\/posts"}],"about":[{"href":"http:\/\/www.4ojos.com\/blog\/index.php?rest_route=\/wp\/v2\/types\/post"}],"author":[{"embeddable":true,"href":"http:\/\/www.4ojos.com\/blog\/index.php?rest_route=\/wp\/v2\/users\/1"}],"replies":[{"embeddable":true,"href":"http:\/\/www.4ojos.com\/blog\/index.php?rest_route=%2Fwp%2Fv2%2Fcomments&post=12957"}],"version-history":[{"count":2,"href":"http:\/\/www.4ojos.com\/blog\/index.php?rest_route=\/wp\/v2\/posts\/12957\/revisions"}],"predecessor-version":[{"id":12959,"href":"http:\/\/www.4ojos.com\/blog\/index.php?rest_route=\/wp\/v2\/posts\/12957\/revisions\/12959"}],"wp:attachment":[{"href":"http:\/\/www.4ojos.com\/blog\/index.php?rest_route=%2Fwp%2Fv2%2Fmedia&parent=12957"}],"wp:term":[{"taxonomy":"category","embeddable":true,"href":"http:\/\/www.4ojos.com\/blog\/index.php?rest_route=%2Fwp%2Fv2%2Fcategories&post=12957"},{"taxonomy":"post_tag","embeddable":true,"href":"http:\/\/www.4ojos.com\/blog\/index.php?rest_route=%2Fwp%2Fv2%2Ftags&post=12957"}],"curies":[{"name":"wp","href":"https:\/\/api.w.org\/{rel}","templated":true}]}}