{"id":12411,"date":"2015-03-25T02:09:31","date_gmt":"2015-03-25T00:09:31","guid":{"rendered":"http:\/\/www.4ojos.com\/blog\/?p=12411"},"modified":"2015-03-31T14:54:03","modified_gmt":"2015-03-31T12:54:03","slug":"como-acabar-con-el-mal","status":"publish","type":"post","link":"http:\/\/www.4ojos.com\/blog\/?p=12411","title":{"rendered":"c\u00f3mo acabar con el mal"},"content":{"rendered":"<p><a href=\"http:\/\/www.4ojos.com\/blog\/imagenes\/varios\/acabar-mal.jpg\"><img loading=\"lazy\" class=\"alignnone\" src=\"http:\/\/www.4ojos.com\/blog\/imagenes\/varios\/acabar-mal.jpg\" alt=\"\" width=\"700\" height=\"490\" \/><\/a><\/p>\n<p>Este mi\u00e9rcoles a las 20,30h. dar\u00e9 una charla y un taller en Donosti sobre ilustraci\u00f3n y pol\u00edtica.<\/p>\n<p><a href=\"http:\/\/comoacabarconelmal.net\/programa\/\" target=\"_blank\"><strong>El programa de las jornadas est\u00e1 aqu\u00ed<\/strong><\/a><\/p>\n<p>Para apuntarse a los talleres gratuitos,<a href=\"https:\/\/enmediocursos.wufoo.com\/forms\/talleres-de-camo-acabar-con-el-mal\/\" target=\"_blank\"><strong> aqu\u00ed<\/strong><\/a><\/p>\n","protected":false},"excerpt":{"rendered":"<p>Este mi\u00e9rcoles a las 20,30h. dar\u00e9 una charla y un taller en Donosti sobre ilustraci\u00f3n y pol\u00edtica. El programa de las jornadas est\u00e1 aqu\u00ed Para apuntarse a los talleres gratuitos, aqu\u00ed<\/p>\n","protected":false},"author":1,"featured_media":0,"comment_status":"open","ping_status":"open","sticky":false,"template":"","format":"standard","meta":{"ngg_post_thumbnail":0},"categories":[13],"tags":[200],"_links":{"self":[{"href":"http:\/\/www.4ojos.com\/blog\/index.php?rest_route=\/wp\/v2\/posts\/12411"}],"collection":[{"href":"http:\/\/www.4ojos.com\/blog\/index.php?rest_route=\/wp\/v2\/posts"}],"about":[{"href":"http:\/\/www.4ojos.com\/blog\/index.php?rest_route=\/wp\/v2\/types\/post"}],"author":[{"embeddable":true,"href":"http:\/\/www.4ojos.com\/blog\/index.php?rest_route=\/wp\/v2\/users\/1"}],"replies":[{"embeddable":true,"href":"http:\/\/www.4ojos.com\/blog\/index.php?rest_route=%2Fwp%2Fv2%2Fcomments&post=12411"}],"version-history":[{"count":4,"href":"http:\/\/www.4ojos.com\/blog\/index.php?rest_route=\/wp\/v2\/posts\/12411\/revisions"}],"predecessor-version":[{"id":12469,"href":"http:\/\/www.4ojos.com\/blog\/index.php?rest_route=\/wp\/v2\/posts\/12411\/revisions\/12469"}],"wp:attachment":[{"href":"http:\/\/www.4ojos.com\/blog\/index.php?rest_route=%2Fwp%2Fv2%2Fmedia&parent=12411"}],"wp:term":[{"taxonomy":"category","embeddable":true,"href":"http:\/\/www.4ojos.com\/blog\/index.php?rest_route=%2Fwp%2Fv2%2Fcategories&post=12411"},{"taxonomy":"post_tag","embeddable":true,"href":"http:\/\/www.4ojos.com\/blog\/index.php?rest_route=%2Fwp%2Fv2%2Ftags&post=12411"}],"curies":[{"name":"wp","href":"https:\/\/api.w.org\/{rel}","templated":true}]}}