{"id":12142,"date":"2014-11-30T17:54:04","date_gmt":"2014-11-30T15:54:04","guid":{"rendered":"http:\/\/www.4ojos.com\/blog\/?p=12142"},"modified":"2014-12-01T18:04:27","modified_gmt":"2014-12-01T16:04:27","slug":"agua-publica-2","status":"publish","type":"post","link":"http:\/\/www.4ojos.com\/blog\/?p=12142","title":{"rendered":"agua p\u00fablica"},"content":{"rendered":"<p><a href=\"http:\/\/www.4ojos.com\/blog\/imagenes\/actualidad\/15M-agua-30-11-14-001.jpg\"><img loading=\"lazy\" class=\"alignnone\" src=\"http:\/\/www.4ojos.com\/blog\/imagenes\/actualidad\/15M-agua-30-11-14-001.jpg\" alt=\"\" width=\"700\" height=\"350\" \/><\/a><\/p>\n<p>El pr\u00f3ximo 3 de diciembre el Canal de Isabel II emitir\u00e1 600 millones de euros en bonos que ser\u00e1n comprados por empresas que querr\u00e1n recuperar lo que vayan a pagar y m\u00e1s. El agua de Madrid dejar\u00e1 de ser p\u00fablica. Lo sentiremos en nuestra salud y en nuestros bolsillos, ya muy tocados porque en los \u00faltimos diez a\u00f1os la factura del agua se ha incrementado en un 65%.<\/p>\n<p>Las buenas gentes de Madrid se han manifestado en Sol esta ma\u00f1ana exigiendo un agua 100% p\u00fablica.<\/p>\n<p>Fotos de DisoPress <a href=\"http:\/\/disopress.com\/gallery.php?mode=gallery&amp;id=Mzk5MTMxZTZmMjk3Nw%3D%3D&amp;page=1\" target=\"_blank\"><strong>aqu\u00ed.<\/strong><\/a><\/p>\n<p>M\u00e1s informaci\u00f3n <a href=\"https:\/\/www.diagonalperiodico.net\/global\/24860-cinco-dias-para-la-privatizacion-del-canal-isabel-ii.html\" target=\"_blank\"><strong>en esta noticia <\/strong><\/a>o en <a href=\"http:\/\/plataformacontralaprivatizaciondelcyii.org\/\" target=\"_blank\"><strong>la web de la plataforma<\/strong><\/a>.<\/p>\n<p>El 3 de diciembre a las 12,30 hay convocada otra concentraci\u00f3n en la puerta del Canal. C\/ Santa Engracia, 125<\/p>\n<p><a href=\"http:\/\/www.4ojos.com\/blog\/imagenes\/actualidad\/15M-agua-30-11-14-004.jpg\"><img loading=\"lazy\" class=\"alignnone\" src=\"http:\/\/www.4ojos.com\/blog\/imagenes\/actualidad\/15M-agua-30-11-14-004.jpg\" alt=\"\" width=\"700\" height=\"350\" \/><\/a><\/p>\n<p><a href=\"http:\/\/www.4ojos.com\/blog\/imagenes\/actualidad\/15M-agua-30-11-14-002.jpg\"><img loading=\"lazy\" class=\"alignnone\" src=\"http:\/\/www.4ojos.com\/blog\/imagenes\/actualidad\/15M-agua-30-11-14-002.jpg\" alt=\"\" width=\"700\" height=\"350\" \/><\/a><\/p>\n<p><a href=\"http:\/\/www.4ojos.com\/blog\/imagenes\/actualidad\/15M-agua-30-11-14-003.jpg\"><img loading=\"lazy\" class=\"alignnone\" src=\"http:\/\/www.4ojos.com\/blog\/imagenes\/actualidad\/15M-agua-30-11-14-003.jpg\" alt=\"\" width=\"700\" height=\"350\" \/><\/a><\/p>\n<p><a href=\"http:\/\/www.4ojos.com\/blog\/imagenes\/varios\/CARTEL-nos-roban-el-canal.jpg\"><img loading=\"lazy\" class=\"alignnone\" src=\"http:\/\/www.4ojos.com\/blog\/imagenes\/varios\/CARTEL-nos-roban-el-canal.jpg\" alt=\"\" width=\"700\" height=\"990\" \/><\/a><\/p>\n<p>Las im\u00e1genes se amplian por si quer\u00e9is leerlas con m\u00e1s comodidad<\/p>\n<p>\u2014\u2014\u2014\u2014\u2014\u2014\u2014\u2014\u2014\u2014\u2013<br \/>\nPor si os interesa saber algo m\u00e1s de c\u00f3mo y por qu\u00e9 hago estos dibujos aqu\u00ed os dejo <a href=\"http:\/\/www.eldiario.es\/interferencias\/Enrique_Flores-dibujos-streaming_6_226487362.html\" target=\"_blank\"><strong>una entrevista que ha aparecido hace poco en eldiario.es<\/strong><\/a> que refleja una conversaci\u00f3n con Alvaro, de<a href=\"http:\/\/alfinaldelaasamblea.wordpress.com\/\" target=\"_blank\"><strong> Al final de la asamblea,<\/strong><\/a> transcrita por Amador Fdez. Savater.<\/p>\n<p>\u2014\u2014\u2014\u2014\u2014\u2014\u2014\u2014\u2014\u2014\u2013<\/p>\n<p><strong>El libro de mis dibujos de la Acampada de Sol<\/strong><strong> p<a href=\"http:\/\/librosdeblur.blogspot.com\/2011\/07\/cuaderno-de-sol_12.html\" target=\"_blank\">uede verse \u00edntegro aqu\u00ed<\/a><a href=\"http:\/\/librosdeblur.blogspot.com\/2011\/07\/cuaderno-de-sol_12.html\" target=\"_blank\"> <\/a>.<\/strong><br \/>\nAqu\u00ed <a href=\"http:\/\/www.4ojos.com\/blog\/?tag=15m\" target=\"_blank\"><strong>pod\u00e9is ver\/descargar el resto de mis dibujos sobre el 15M<\/strong><\/a><strong><a href=\"http:\/\/www.4ojos.com\/blog\/?tag=15m\" target=\"_blank\"><strong>.<\/strong><\/a><\/strong><br \/>\n<a href=\"http:\/\/www.4ojos.com\/blog\/?page_id=53\" target=\"_blank\"><strong>Algo de eco de esta serie de dibujos.<\/strong><\/a><\/p>\n","protected":false},"excerpt":{"rendered":"<p>El pr\u00f3ximo 3 de diciembre el Canal de Isabel II emitir\u00e1 600 millones de euros en bonos que ser\u00e1n comprados por empresas que querr\u00e1n recuperar lo que vayan a pagar y m\u00e1s. El agua de Madrid dejar\u00e1 de ser p\u00fablica. Lo sentiremos en nuestra salud y en nuestros bolsillos, ya muy tocados porque en los [&hellip;]<\/p>\n","protected":false},"author":1,"featured_media":0,"comment_status":"open","ping_status":"open","sticky":false,"template":"","format":"standard","meta":{"ngg_post_thumbnail":0},"categories":[13],"tags":[208,78,117],"_links":{"self":[{"href":"http:\/\/www.4ojos.com\/blog\/index.php?rest_route=\/wp\/v2\/posts\/12142"}],"collection":[{"href":"http:\/\/www.4ojos.com\/blog\/index.php?rest_route=\/wp\/v2\/posts"}],"about":[{"href":"http:\/\/www.4ojos.com\/blog\/index.php?rest_route=\/wp\/v2\/types\/post"}],"author":[{"embeddable":true,"href":"http:\/\/www.4ojos.com\/blog\/index.php?rest_route=\/wp\/v2\/users\/1"}],"replies":[{"embeddable":true,"href":"http:\/\/www.4ojos.com\/blog\/index.php?rest_route=%2Fwp%2Fv2%2Fcomments&post=12142"}],"version-history":[{"count":8,"href":"http:\/\/www.4ojos.com\/blog\/index.php?rest_route=\/wp\/v2\/posts\/12142\/revisions"}],"predecessor-version":[{"id":12149,"href":"http:\/\/www.4ojos.com\/blog\/index.php?rest_route=\/wp\/v2\/posts\/12142\/revisions\/12149"}],"wp:attachment":[{"href":"http:\/\/www.4ojos.com\/blog\/index.php?rest_route=%2Fwp%2Fv2%2Fmedia&parent=12142"}],"wp:term":[{"taxonomy":"category","embeddable":true,"href":"http:\/\/www.4ojos.com\/blog\/index.php?rest_route=%2Fwp%2Fv2%2Fcategories&post=12142"},{"taxonomy":"post_tag","embeddable":true,"href":"http:\/\/www.4ojos.com\/blog\/index.php?rest_route=%2Fwp%2Fv2%2Ftags&post=12142"}],"curies":[{"name":"wp","href":"https:\/\/api.w.org\/{rel}","templated":true}]}}