{"id":11764,"date":"2014-07-11T01:17:01","date_gmt":"2014-07-10T23:17:01","guid":{"rendered":"http:\/\/www.4ojos.com\/blog\/?p=11764"},"modified":"2014-07-11T13:47:27","modified_gmt":"2014-07-11T11:47:27","slug":"la-muerte-de-jeanneth","status":"publish","type":"post","link":"http:\/\/www.4ojos.com\/blog\/?p=11764","title":{"rendered":"la muerte de Jeanneth"},"content":{"rendered":"<p><a href=\"http:\/\/www.4ojos.com\/blog\/imagenes\/actualidad\/15M-yoSi-jeanet-10-7-14-001.jpg\"><img loading=\"lazy\" class=\"alignnone\" src=\"http:\/\/www.4ojos.com\/blog\/imagenes\/actualidad\/15M-yoSi-jeanet-10-7-14-001.jpg\" alt=\"\" width=\"700\" height=\"341\" \/><\/a><\/p>\n<p>Hoy he asistido a la <a href=\"https:\/\/www.diagonalperiodico.net\/cuerpo\/23487-vigilia-recuerda-la-mujer-muerta-por-no-ser-atendida-urgencias.html\" target=\"_blank\"><strong>vigilia frente al Ministerio de Sanidad <\/strong><\/a>por la muerte de Jeanneth, la \u00faltima persona\u00a0 que muere por culpa de la criminal pol\u00edtica de exclusi\u00f3n sanitaria del gobierno espa\u00f1ol, que ha dejado sin atenci\u00f3n sanitaria a 800.000 personas (hab\u00e9is le\u00eddo bien) desde que hace casi dos a\u00f1os entrase en vigor del Real Decreto Ley 16\/2012.<\/p>\n<p>En <a href=\"http:\/\/www.rtve.es\/alacarta\/audios\/coordenadas\/coordenadas-metabody-08-07-14\/2650294\/\" target=\"_blank\"><strong>este programa de radio<\/strong><\/a> lo os cuentan mejor que yo, pero por si os da pereza pinchar el enlace os copio debajo de los dibujos el texto con el que el grupo <a href=\"http:\/\/www.eldiario.es\/interferencias\/sanidad_publica-Yo_Si_6_135846437.html\" target=\"_blank\"><strong>&#8220;Yo S\u00ed Sanidad Universal&#8221;<\/strong><\/a>, uno de los muchos que se opone a esta vergonzosa ley, explica qu\u00e9 le ha sucedido a Jeanneth.<\/p>\n<p><a href=\"http:\/\/www.4ojos.com\/blog\/imagenes\/actualidad\/15M-yoSi-jeanet-10-7-14-002.jpg\"><img loading=\"lazy\" class=\"alignnone\" src=\"http:\/\/www.4ojos.com\/blog\/imagenes\/actualidad\/15M-yoSi-jeanet-10-7-14-002.jpg\" alt=\"\" width=\"700\" height=\"341\" \/><\/a><br \/>\n<a href=\"http:\/\/www.4ojos.com\/blog\/imagenes\/actualidad\/15M-yoSi-jeanet-10-7-14-003.jpg\"><img loading=\"lazy\" class=\"alignnone\" src=\"http:\/\/www.4ojos.com\/blog\/imagenes\/actualidad\/15M-yoSi-jeanet-10-7-14-003.jpg\" alt=\"\" width=\"700\" height=\"341\" \/><\/a><br \/>\n<a href=\"http:\/\/www.4ojos.com\/blog\/imagenes\/actualidad\/15M-yoSi-jeanet-10-7-14-004.jpg\"><img loading=\"lazy\" class=\"alignnone\" src=\"http:\/\/www.4ojos.com\/blog\/imagenes\/actualidad\/15M-yoSi-jeanet-10-7-14-004.jpg\" alt=\"\" width=\"700\" height=\"341\" \/><\/a><\/p>\n<blockquote><p>Comenzaba la primavera, cumpl\u00eda Jeanneth treinta a\u00f1os y lo celebraron todos juntos comiendo en el campo, que estaba hermoso el 26 de abril de 2014.<\/p>\n<p>Jeanneth trabajaba interna cuidando a un se\u00f1or que ya no se vale por s\u00ed mismo. El hombre y su familia, igual que Jeanneth, estaban contentos con el trabajo.<\/p>\n<p>Hace tres a\u00f1os Jeanneth hizo las maletas y vino a la ciudad para trabajarse un futuro mejor, con el que no pod\u00eda contar en su ciudad.<\/p>\n<p>Los fines de semana y las vacaciones, como esta semana santa, Jeanneth pasaba todo el tiempo con los amigos. Este a\u00f1o se preocuparon, Jeanneth no se encontraba bien, vomit\u00f3, estaba cansada, le dol\u00eda la cabeza, no dorm\u00eda y ten\u00eda las piernas hinchadas.<\/p>\n<p>Cada fin de semana desde entonces era as\u00ed, cuando no le dol\u00eda la cabeza era el est\u00f3mago, el ojo, la tensi\u00f3n. No puedes seguir as\u00ed, le dec\u00eda su amiga.<\/p>\n<p>A final de abril a Jeanneth se le puso un ojo muy rojo y su amiga se asust\u00f3, segu\u00eda encontr\u00e1ndose mal:<\/p>\n<p>&#8211; Vamos a urgencias<\/p>\n<p>&#8211; Espere, ya casi tendr\u00e9 los papeles.<\/p>\n<p>&#8211; Por favor, Jeanneth, vamos, tranquila.<\/p>\n<p>Nosotros estamos aqu\u00ed, si le cobran demasiado, nosotros estamos ah\u00ed para ayudarla.<\/p>\n<p>En esta ciudad todo el mundo sabe que desde hace dos a\u00f1os si vas al m\u00e9dico te lo cobran caro, dice un amigo de Jeanneth. Berta, hermana de Jeanneth, y Juana, su madre, lo explican por conferencia a trav\u00e9s del ordenador:<\/p>\n<p>&#8211; Habl\u00e1bamos varias veces a la semana.<\/p>\n<p>&#8211; \u00bfPor qu\u00e9 creen que Jeanneth no fue al m\u00e9dico?<\/p>\n<p>&#8211; \u00a1Porque te cobran! porque te llega luego una factura muy grande.<\/p>\n<p>Pregunto a muchas personas aqu\u00ed, todos me explican que no se va al m\u00e9dico porque luego te llegan a casa unas facturas tremendas, que no podr\u00e1s pagar. Exactamente lo mismo que dicen los vecinos que se han quedado sin tarjeta sanitaria en cada barrio de Madrid.<\/p>\n<p>Jeanneth fue al m\u00e9dico de atenci\u00f3n primaria, a su m\u00e9dico, hace tres a\u00f1os, cuando ten\u00eda tarjeta. Luego ya no pudo ir m\u00e1s.<\/p>\n<p>Los papeles de Jeanneth estaban por llegar, en la casa en la que trabajaba estaban deseando firmar el contrato laboral, como el que tienen las familiares y amigas que Jeanneth tiene en la ciudad, la mayor\u00eda cuidan a otras personas mayores y se sienten contentas con su trabajo.<\/p>\n<p>El d\u00eda de su cumplea\u00f1os, durante la comida en el campo, Jeanneth se encontraba mal, hab\u00eda vomitado una vez m\u00e1s y ten\u00eda mal aspecto. Su amiga P. estaba muy preocupada:<\/p>\n<p>&#8211; Vamos para Urgencias ahora mismito.<\/p>\n<p>&#8211; No, espere\u2026 Es que falta un mesecito n\u00e1 m\u00e1s para mis documentos, apenas me den el resguardo, \u00a1vamos! F\u00edjese que fui a la farmacia y me recetaron para la digesti\u00f3n, para la vista, me midieron la tensi\u00f3n, \u2026<\/p>\n<p>Jeanneth, como otras personas a las que les han quitado su tarjeta sanitaria, iba a la farmacia en lugar de ir al m\u00e9dico cuando se encontr\u00f3 mal. Nada de lo que le dieron all\u00ed le sirvi\u00f3.<\/p>\n<p>El d\u00eda 23 de mayo de 2014 una amiga de Jeanneth decidi\u00f3 llevarla a las Urgencias del hospital, Jeanneth estaba muy mal, le dol\u00eda la mitad de la cabeza, ve\u00eda borroso, casi no pod\u00eda mirar al hablar, hab\u00eda vomitado y estaba suelta del est\u00f3mago. Eso es lo que le explic\u00f3 a un sanitario tras pasar por la recepci\u00f3n de Urgencias, donde le pidieron la tarjeta sanitaria que ya no ten\u00eda. Eran las seis y media de la tarde.<\/p>\n<p>El guardia de seguridad dej\u00f3 pasar a su amiga porque Jeanneth no ve\u00eda bien y no pod\u00eda estar sola.<\/p>\n<p>&#8211; Ella s\u00f3lo dec\u00eda a cada poco, ay, ay, ay\u2026<\/p>\n<p>Una hora despu\u00e9s empez\u00f3 a escupir en el suelo. Su amiga buscaba desesperadamente a alguien y ped\u00eda que atendieran a Jeanneth. A las ocho de la tarde Jeanneth casi no pod\u00eda hablar y vomit\u00f3 algo negro. La amiga sigui\u00f3 insistiendo, s\u00f3lo consigui\u00f3 que le entregaran una bolsa y le dijera que vomitar era normal.<\/p>\n<p>Los amigos desde fuera del hospital le dec\u00edan a su amiga que salieran de all\u00ed, donde no la atender\u00edan. Hab\u00eda que buscar otro sitio.<\/p>\n<p>&#8211; Me duele mucho.<\/p>\n<p>Jeanneth iba perdiendo la voz y no pod\u00eda levantar la cabeza. Se quejaba duro y nadie les hac\u00eda caso all\u00ed dentro.<\/p>\n<p>&#8211; \u00a1Llevamos tres horas aqu\u00ed dentro y mi amiga est\u00e1 muy mala!<\/p>\n<p>&#8211; Pues d\u00edgaselo al m\u00e9dico.<\/p>\n<p>&#8211; A\u00fan no le ha visto ninguno.<\/p>\n<p>&#8211; Yo acabo de entrar y no s\u00e9 nada.<\/p>\n<p>Su amiga hablaba desesperada con los amigos de fuera,<\/p>\n<p>&#8211; \u00a1S\u00e1quela de ah\u00ed! \u00a1Vamos a buscar otro sitio!<\/p>\n<p>La amiga mir\u00f3 a Jeanneth, se asust\u00f3 mucho al ver sus ojos vidriosos. Eran ya las diez y media de aquella noche.<\/p>\n<p>Jeanneth ya no entend\u00eda lo que le dec\u00eda su amiga que en un intento desesperado le ped\u00eda que colaborase para llegar hasta la puerta, consiguieron llegar a rastras. Una enfermera les impidi\u00f3 la salida<\/p>\n<p>&#8211; \u00a1\u00bfA d\u00f3nde se la lleva?!<\/p>\n<p>Sentaron otra vez a Jeanneth. A las once de la noche el cuerpo de Jeanneth se gir\u00f3 y comenz\u00f3 a convulsionar en el suelo de la sala de espera de las Urgencias del Hospital. La metieron en una camilla y se la llevaron aprisa.<\/p>\n<p>En la UCI no pudieron hacer nada. Una doctora le explic\u00f3 a su amiga que a Jeanneth se le hab\u00eda parado el coraz\u00f3n.<\/p>\n<p>Jeanneth De Los \u00c1ngeles Beltr\u00e1n Mart\u00ednez agoniz\u00f3 hasta la muerte. Hab\u00eda cumplido treinta a\u00f1os, y no volver\u00e1 a besar a su madre Juana.<\/p>\n<p>La autopsia de Jeanneth revela que lleg\u00f3 al Hospital con los ri\u00f1ones muy deteriorados por una enfermedad cualquiera, para la cual hay tratamiento si hubiera podido ir al m\u00e9dico.<\/p>\n<p>Los amigos y compa\u00f1eros de Jeanneth, al igual que la gente de mi barrio a la que le han quitado la tarjeta sanitaria, ten\u00edan raz\u00f3n, si vas al m\u00e9dico te llega una factura enorme.<\/p>\n<p>Lo que no saben es que esa factura, adem\u00e1s de odiosa, es ilegal.<\/p>\n<p>A casa de Jeanneth acaba de llegar la carta:<\/p>\n<p>\u201cCon relaci\u00f3n a la asistencia que le fue prestada el d\u00eda 23\/05\/2014, le rogamos que tan pronto le sea posible, nos aporte por correo, fax o personalmente en la SECCI\u00d3N DE FACTURACI\u00d3N A TERCEROS la fotocopia de la Tarjeta Sanitaria de la S. Social o Tarjeta Europea, ya que hasta la fecha no constan en su expediente.<\/p>\n<p>Le informamos que, de no obtener contestaci\u00f3n en el plazo de veinte d\u00edas le pasaremos la factura a Vd., directamente.\u201d<\/p>\n<p>Ahora ya no van a poder pasarle la factura.<\/p>\n<p>La UCI es muy cara, advert\u00eda una amiga de Jeanneth.<\/p>\n<p>Con relaci\u00f3n a la asistencia que le fue prestada.<\/p>\n<p>La fotocopia de la Tarjeta Sanitaria.<\/p>\n<p>Jeanneth era una mujer cristiana de coraz\u00f3n. Su Dios podr\u00e1 perdonarles.<\/p>\n<p>Nosotros quiz\u00e1s no.<\/p>\n<p>El 1 de septiembre de 2012 entr\u00f3 en vigor el Real Decreto Ley 16\/2012 por el que se niega el derecho a la atenci\u00f3n sanitaria normalizada y p\u00fablica a cientos de miles de personas en el Estado espa\u00f1ol, entre otras, a Jeanneth. Es el mismo Real Decreto que redefine por completo nuestro modelo de sistema sanitario y que supone el repago de medicamentos y de ciertas prestaciones sanitarias.<\/p>\n<p>Yo S\u00ed Sanidad Universal es el lema bajo el cual vecin@s de cualquier barrio, sanitari@s y usuari@s nos hemos unido para luchar contra el Real Decreto de la infamia que ha matado a Jeanneth.<\/p>\n<p>NOTA: Seg\u00fan el propio Real Decreto de exclusi\u00f3n sanitaria no se podr\u00e1 facturar la atenci\u00f3n sanitaria de urgencia a personas excluidas del nuevo modelo de aseguramiento. Cada vez que se hace, adem\u00e1s de una vileza, se comete un acto ilegal.<\/p>\n<p>Esta es la carta que ha publicado Yo s\u00ed Sanidad Universal, uno de los colectivos que est\u00e1 trabajando contra el Apartheid Sanitario que impide el acceso a la sanidad universal a colectivos vulnerables, como migrantes o personas en situaci\u00f3n de desempleo.<br \/>\nUna de las v\u00edas m\u00e1s efectivas para luchar contra esta situaci\u00f3n son los grupos de acompa\u00f1amiento sanitario, puedes informarte <a href=\"http:\/\/yosisanidaduniversal.net\/actua.php\"><strong>aqu\u00ed.<\/strong><\/a><\/p><\/blockquote>\n<p>\u2014\u2014\u2014\u2014\u2014\u2014\u2014\u2014\u2014\u2014\u2013<br \/>\nPor si os interesa saber algo m\u00e1s de c\u00f3mo y por qu\u00e9 hago estos dibujos aqu\u00ed os dejo <a href=\"http:\/\/www.eldiario.es\/interferencias\/Enrique_Flores-dibujos-streaming_6_226487362.html\" target=\"_blank\"><strong>una entrevista que ha aparecido hace poco en eldiario.es<\/strong><\/a> que refleja una conversaci\u00f3n con Alvaro, de<a href=\"http:\/\/alfinaldelaasamblea.wordpress.com\/\" target=\"_blank\"><strong> Al final de la asamblea,<\/strong><\/a> transcrita por Amador Fdez. Savater.<\/p>\n<p>\u2014\u2014\u2014\u2014\u2014\u2014\u2014\u2014\u2014\u2014\u2013<br \/>\nLos dibujos se ampl\u00edan clic\u00e1ndolos por si quer\u00e9is leer con m\u00e1s comodidad<\/p>\n<p><strong>El libro de mis dibujos de la Acampada de Sol<\/strong><strong> p<a href=\"http:\/\/librosdeblur.blogspot.com\/2011\/07\/cuaderno-de-sol_12.html\" target=\"_blank\">uede verse \u00edntegro aqu\u00ed<\/a><a href=\"http:\/\/librosdeblur.blogspot.com\/2011\/07\/cuaderno-de-sol_12.html\" target=\"_blank\"> <\/a>.<\/strong><br \/>\nAqu\u00ed <a href=\"http:\/\/www.4ojos.com\/blog\/?tag=15m\" target=\"_blank\"><strong>pod\u00e9is ver\/descargar el resto de mis dibujos sobre el 15M<\/strong><\/a><strong><a href=\"http:\/\/www.4ojos.com\/blog\/?tag=15m\" target=\"_blank\"><strong>.<\/strong><\/a><\/strong><br \/>\n<a href=\"http:\/\/www.4ojos.com\/blog\/?page_id=53\" target=\"_blank\"><strong>Algo de eco de esta serie de dibujos.<\/strong><\/a><\/p>\n","protected":false},"excerpt":{"rendered":"<p>Hoy he asistido a la vigilia frente al Ministerio de Sanidad por la muerte de Jeanneth, la \u00faltima persona\u00a0 que muere por culpa de la criminal pol\u00edtica de exclusi\u00f3n sanitaria del gobierno espa\u00f1ol, que ha dejado sin atenci\u00f3n sanitaria a 800.000 personas (hab\u00e9is le\u00eddo bien) desde que hace casi dos a\u00f1os entrase en vigor del [&hellip;]<\/p>\n","protected":false},"author":1,"featured_media":0,"comment_status":"open","ping_status":"open","sticky":false,"template":"","format":"standard","meta":{"ngg_post_thumbnail":0},"categories":[13],"tags":[208,78],"_links":{"self":[{"href":"http:\/\/www.4ojos.com\/blog\/index.php?rest_route=\/wp\/v2\/posts\/11764"}],"collection":[{"href":"http:\/\/www.4ojos.com\/blog\/index.php?rest_route=\/wp\/v2\/posts"}],"about":[{"href":"http:\/\/www.4ojos.com\/blog\/index.php?rest_route=\/wp\/v2\/types\/post"}],"author":[{"embeddable":true,"href":"http:\/\/www.4ojos.com\/blog\/index.php?rest_route=\/wp\/v2\/users\/1"}],"replies":[{"embeddable":true,"href":"http:\/\/www.4ojos.com\/blog\/index.php?rest_route=%2Fwp%2Fv2%2Fcomments&post=11764"}],"version-history":[{"count":2,"href":"http:\/\/www.4ojos.com\/blog\/index.php?rest_route=\/wp\/v2\/posts\/11764\/revisions"}],"predecessor-version":[{"id":11767,"href":"http:\/\/www.4ojos.com\/blog\/index.php?rest_route=\/wp\/v2\/posts\/11764\/revisions\/11767"}],"wp:attachment":[{"href":"http:\/\/www.4ojos.com\/blog\/index.php?rest_route=%2Fwp%2Fv2%2Fmedia&parent=11764"}],"wp:term":[{"taxonomy":"category","embeddable":true,"href":"http:\/\/www.4ojos.com\/blog\/index.php?rest_route=%2Fwp%2Fv2%2Fcategories&post=11764"},{"taxonomy":"post_tag","embeddable":true,"href":"http:\/\/www.4ojos.com\/blog\/index.php?rest_route=%2Fwp%2Fv2%2Ftags&post=11764"}],"curies":[{"name":"wp","href":"https:\/\/api.w.org\/{rel}","templated":true}]}}