{"id":11724,"date":"2014-06-29T22:18:56","date_gmt":"2014-06-29T20:18:56","guid":{"rendered":"http:\/\/www.4ojos.com\/blog\/?p=11724"},"modified":"2014-06-29T22:18:56","modified_gmt":"2014-06-29T20:18:56","slug":"ii-universidad-popular-de-verano","status":"publish","type":"post","link":"http:\/\/www.4ojos.com\/blog\/?p=11724","title":{"rendered":"II Universidad Popular De Verano"},"content":{"rendered":"<p><a href=\"http:\/\/www.4ojos.com\/blog\/imagenes\/actualidad\/15M-uni-cebada2014-001.jpg\"><img loading=\"lazy\" class=\"alignnone\" src=\"http:\/\/www.4ojos.com\/blog\/imagenes\/actualidad\/15M-uni-cebada2014-001.jpg\" alt=\"\" width=\"700\" height=\"347\" \/><\/a><\/p>\n<p>El Campo De Cebada se transforma por segundo a\u00f1o consecutivo en Campus De Cebada y ha celebrado ayer y hoy la II Universidad Popular De Verano. Ya lleg\u00e1is terde, pero pod\u00e9is ver el programa y tiraros de los pelos <a href=\"http:\/\/elcampodecebada.org\/ii-universidad-popular-campuscebada-2\/\" target=\"_blank\"><strong>aqu\u00ed.<\/strong><\/a><\/p>\n<p><a href=\"http:\/\/www.4ojos.com\/blog\/imagenes\/actualidad\/15M-uni-cebada2014-002.jpg\"><img loading=\"lazy\" class=\"alignnone\" src=\"http:\/\/www.4ojos.com\/blog\/imagenes\/actualidad\/15M-uni-cebada2014-002.jpg\" alt=\"\" width=\"700\" height=\"347\" \/><\/a><br \/>\n<a href=\"http:\/\/www.4ojos.com\/blog\/imagenes\/actualidad\/15M-uni-cebada2014-003.jpg\"><img loading=\"lazy\" class=\"alignnone\" src=\"http:\/\/www.4ojos.com\/blog\/imagenes\/actualidad\/15M-uni-cebada2014-003.jpg\" alt=\"\" width=\"700\" height=\"347\" \/><\/a><br \/>\n<a href=\"http:\/\/www.4ojos.com\/blog\/imagenes\/actualidad\/15M-uni-cebada2014-004.jpg\"><img loading=\"lazy\" class=\"alignnone\" src=\"http:\/\/www.4ojos.com\/blog\/imagenes\/actualidad\/15M-uni-cebada2014-004.jpg\" alt=\"\" width=\"700\" height=\"347\" \/><\/a><br \/>\n<a href=\"http:\/\/www.4ojos.com\/blog\/imagenes\/actualidad\/15M-uni-cebada2014-005.jpg\"><img loading=\"lazy\" class=\"alignnone\" src=\"http:\/\/www.4ojos.com\/blog\/imagenes\/actualidad\/15M-uni-cebada2014-005.jpg\" alt=\"\" width=\"700\" height=\"347\" \/><\/a><br \/>\n<a href=\"http:\/\/www.4ojos.com\/blog\/imagenes\/actualidad\/15M-uni-cebada2014-006.jpg\"><img loading=\"lazy\" class=\"alignnone\" src=\"http:\/\/www.4ojos.com\/blog\/imagenes\/actualidad\/15M-uni-cebada2014-006.jpg\" alt=\"\" width=\"700\" height=\"347\" \/><\/a><br \/>\n<a href=\"http:\/\/www.4ojos.com\/blog\/imagenes\/actualidad\/15M-uni-cebada2014-007.jpg\"><img loading=\"lazy\" class=\"alignnone\" src=\"http:\/\/www.4ojos.com\/blog\/imagenes\/actualidad\/15M-uni-cebada2014-007.jpg\" alt=\"\" width=\"700\" height=\"347\" \/><\/a><br \/>\n<a href=\"http:\/\/www.4ojos.com\/blog\/imagenes\/actualidad\/15M-uni-cebada2014-008.jpg\"><img loading=\"lazy\" class=\"alignnone\" src=\"http:\/\/www.4ojos.com\/blog\/imagenes\/actualidad\/15M-uni-cebada2014-008.jpg\" alt=\"\" width=\"700\" height=\"347\" \/><\/a><br \/>\n<a href=\"http:\/\/www.4ojos.com\/blog\/imagenes\/actualidad\/15M-uni-cebada2014-009.jpg\"><img loading=\"lazy\" class=\"alignnone\" src=\"http:\/\/www.4ojos.com\/blog\/imagenes\/actualidad\/15M-uni-cebada2014-009.jpg\" alt=\"\" width=\"700\" height=\"347\" \/><\/a><br \/>\n<a href=\"http:\/\/www.4ojos.com\/blog\/imagenes\/actualidad\/15M-uni-cebada2014-010.jpg\"><img loading=\"lazy\" class=\"alignnone\" src=\"http:\/\/www.4ojos.com\/blog\/imagenes\/actualidad\/15M-uni-cebada2014-010.jpg\" alt=\"\" width=\"700\" height=\"347\" \/><\/a><br \/>\n<a href=\"http:\/\/www.4ojos.com\/blog\/imagenes\/actualidad\/15M-uni-cebada2014-011.jpg\"><img loading=\"lazy\" class=\"alignnone\" src=\"http:\/\/www.4ojos.com\/blog\/imagenes\/actualidad\/15M-uni-cebada2014-011.jpg\" alt=\"\" width=\"700\" height=\"347\" \/><\/a><br \/>\n<a href=\"http:\/\/www.4ojos.com\/blog\/imagenes\/actualidad\/15M-uni-cebada2014-012.jpg\"><img loading=\"lazy\" class=\"alignnone\" src=\"http:\/\/www.4ojos.com\/blog\/imagenes\/actualidad\/15M-uni-cebada2014-012.jpg\" alt=\"\" width=\"700\" height=\"347\" \/><\/a><br \/>\n<a href=\"http:\/\/www.4ojos.com\/blog\/imagenes\/actualidad\/15M-uni-cebada2014-013.jpg\"><img loading=\"lazy\" class=\"alignnone\" src=\"http:\/\/www.4ojos.com\/blog\/imagenes\/actualidad\/15M-uni-cebada2014-013.jpg\" alt=\"\" width=\"700\" height=\"347\" \/><\/a><\/p>\n","protected":false},"excerpt":{"rendered":"<p>El Campo De Cebada se transforma por segundo a\u00f1o consecutivo en Campus De Cebada y ha celebrado ayer y hoy la II Universidad Popular De Verano. Ya lleg\u00e1is terde, pero pod\u00e9is ver el programa y tiraros de los pelos aqu\u00ed.<\/p>\n","protected":false},"author":1,"featured_media":0,"comment_status":"open","ping_status":"open","sticky":false,"template":"","format":"standard","meta":{"ngg_post_thumbnail":0},"categories":[13],"tags":[208,78],"_links":{"self":[{"href":"http:\/\/www.4ojos.com\/blog\/index.php?rest_route=\/wp\/v2\/posts\/11724"}],"collection":[{"href":"http:\/\/www.4ojos.com\/blog\/index.php?rest_route=\/wp\/v2\/posts"}],"about":[{"href":"http:\/\/www.4ojos.com\/blog\/index.php?rest_route=\/wp\/v2\/types\/post"}],"author":[{"embeddable":true,"href":"http:\/\/www.4ojos.com\/blog\/index.php?rest_route=\/wp\/v2\/users\/1"}],"replies":[{"embeddable":true,"href":"http:\/\/www.4ojos.com\/blog\/index.php?rest_route=%2Fwp%2Fv2%2Fcomments&post=11724"}],"version-history":[{"count":1,"href":"http:\/\/www.4ojos.com\/blog\/index.php?rest_route=\/wp\/v2\/posts\/11724\/revisions"}],"predecessor-version":[{"id":11725,"href":"http:\/\/www.4ojos.com\/blog\/index.php?rest_route=\/wp\/v2\/posts\/11724\/revisions\/11725"}],"wp:attachment":[{"href":"http:\/\/www.4ojos.com\/blog\/index.php?rest_route=%2Fwp%2Fv2%2Fmedia&parent=11724"}],"wp:term":[{"taxonomy":"category","embeddable":true,"href":"http:\/\/www.4ojos.com\/blog\/index.php?rest_route=%2Fwp%2Fv2%2Fcategories&post=11724"},{"taxonomy":"post_tag","embeddable":true,"href":"http:\/\/www.4ojos.com\/blog\/index.php?rest_route=%2Fwp%2Fv2%2Ftags&post=11724"}],"curies":[{"name":"wp","href":"https:\/\/api.w.org\/{rel}","templated":true}]}}