{"id":11441,"date":"2014-03-29T16:50:29","date_gmt":"2014-03-29T14:50:29","guid":{"rendered":"http:\/\/www.4ojos.com\/blog\/?p=11441"},"modified":"2014-03-29T16:50:29","modified_gmt":"2014-03-29T14:50:29","slug":"nuevos-medios-de-comunicacion","status":"publish","type":"post","link":"http:\/\/www.4ojos.com\/blog\/?p=11441","title":{"rendered":"nuevos medios de comunicaci\u00f3n"},"content":{"rendered":"<p><a href=\"http:\/\/www.4ojos.com\/blog\/imagenes\/actualidad\/radio-agora-033.jpg\"><img loading=\"lazy\" class=\"alignnone\" src=\"http:\/\/www.4ojos.com\/blog\/imagenes\/actualidad\/radio-agora-033.jpg\" alt=\"\" width=\"700\" height=\"347\" \/><\/a><\/p>\n<p>Ayer estuve en la Librer\u00eda Enclave escuchando la emisi\u00f3n de un programa de Radio Agora Sol sobre la situaci\u00f3n  actual de los medios de comunicaci\u00f3n. \u00bfC\u00f3mo nacen, crecen y se hacen  sostenibles los medios ciudadanos?. \u00bfEn qu\u00e9 situaci\u00f3n se encuentra la  profesi\u00f3n period\u00edstica? \u00bfPor qu\u00e9 son necesarios los informadores de  calle en las movilizaciones sociales?.<\/p>\n<p>Ponentes:<br \/>\n<a href=\"https:\/\/www.facebook.com\/radioenlacemadrid\">Radio Enlace<\/a> &#8211; Yolanda Pe\u00f1a<br \/>\n<a href=\"https:\/\/www.facebook.com\/AgenciaDisoPress\">DISO Press<\/a> &#8211; Juan Mart\u00edn Zarza<br \/>\n <a href=\"https:\/\/www.facebook.com\/Tomalatele.tv\">TomalaTele.tv<\/a> &#8211; Alejo<br \/>\n<a href=\"https:\/\/www.facebook.com\/diagonalperiodico\">Peri\u00f3dico Diagonal<\/a> &#8211; Aurora G\u00f3mez<br \/>\n<a href=\"https:\/\/www.facebook.com\/RevistaLaMarea\">La Marea<\/a> &#8211; Laura Tejado Montero<br \/>\n<a href=\"https:\/\/www.facebook.com\/pages\/I%C3%93N-RADIO\/520489784652735\">I\u00d3N RADIO<\/a> &#8211; Lourdes jim\u00e9nez<\/p>\n<p>+info <a href=\" http:\/\/barriocanino.blogspot.com.es\/2014\/03\/charla-debate-de-la-contrainformacion.html\" target=\"_blank\"><strong>aqu\u00ed<\/strong><br \/>\n<\/a><a rel=\"nofollow nofollow\" href=\"http:\/\/barriocanino.blogspot.com.es\/2014\/03\/charla-debate-de-la-contrainformacion.html\" target=\"_blank\"><\/a><br \/>\n<a href=\"http:\/\/www.4ojos.com\/blog\/imagenes\/actualidad\/radio-agora-034.jpg\"><img loading=\"lazy\" class=\"alignnone\" src=\"http:\/\/www.4ojos.com\/blog\/imagenes\/actualidad\/radio-agora-034.jpg\" alt=\"\" width=\"700\" height=\"347\" \/><\/a><\/p>\n<p><a href=\"http:\/\/www.4ojos.com\/blog\/imagenes\/actualidad\/radio-agora-035.jpg\"><img loading=\"lazy\" class=\"alignnone\" src=\"http:\/\/www.4ojos.com\/blog\/imagenes\/actualidad\/radio-agora-035.jpg\" alt=\"\" width=\"700\" height=\"347\" \/><\/a><\/p>\n","protected":false},"excerpt":{"rendered":"<p>Ayer estuve en la Librer\u00eda Enclave escuchando la emisi\u00f3n de un programa de Radio Agora Sol sobre la situaci\u00f3n actual de los medios de comunicaci\u00f3n. \u00bfC\u00f3mo nacen, crecen y se hacen sostenibles los medios ciudadanos?. \u00bfEn qu\u00e9 situaci\u00f3n se encuentra la profesi\u00f3n period\u00edstica? \u00bfPor qu\u00e9 son necesarios los informadores de calle en las movilizaciones sociales?. [&hellip;]<\/p>\n","protected":false},"author":1,"featured_media":0,"comment_status":"open","ping_status":"open","sticky":false,"template":"","format":"standard","meta":{"ngg_post_thumbnail":0},"categories":[13],"tags":[],"_links":{"self":[{"href":"http:\/\/www.4ojos.com\/blog\/index.php?rest_route=\/wp\/v2\/posts\/11441"}],"collection":[{"href":"http:\/\/www.4ojos.com\/blog\/index.php?rest_route=\/wp\/v2\/posts"}],"about":[{"href":"http:\/\/www.4ojos.com\/blog\/index.php?rest_route=\/wp\/v2\/types\/post"}],"author":[{"embeddable":true,"href":"http:\/\/www.4ojos.com\/blog\/index.php?rest_route=\/wp\/v2\/users\/1"}],"replies":[{"embeddable":true,"href":"http:\/\/www.4ojos.com\/blog\/index.php?rest_route=%2Fwp%2Fv2%2Fcomments&post=11441"}],"version-history":[{"count":2,"href":"http:\/\/www.4ojos.com\/blog\/index.php?rest_route=\/wp\/v2\/posts\/11441\/revisions"}],"predecessor-version":[{"id":11445,"href":"http:\/\/www.4ojos.com\/blog\/index.php?rest_route=\/wp\/v2\/posts\/11441\/revisions\/11445"}],"wp:attachment":[{"href":"http:\/\/www.4ojos.com\/blog\/index.php?rest_route=%2Fwp%2Fv2%2Fmedia&parent=11441"}],"wp:term":[{"taxonomy":"category","embeddable":true,"href":"http:\/\/www.4ojos.com\/blog\/index.php?rest_route=%2Fwp%2Fv2%2Fcategories&post=11441"},{"taxonomy":"post_tag","embeddable":true,"href":"http:\/\/www.4ojos.com\/blog\/index.php?rest_route=%2Fwp%2Fv2%2Ftags&post=11441"}],"curies":[{"name":"wp","href":"https:\/\/api.w.org\/{rel}","templated":true}]}}