{"id":10951,"date":"2013-11-28T01:36:36","date_gmt":"2013-11-27T23:36:36","guid":{"rendered":"http:\/\/www.4ojos.com\/blog\/?p=10951"},"modified":"2013-11-28T12:40:30","modified_gmt":"2013-11-28T10:40:30","slug":"wake-up-3","status":"publish","type":"post","link":"http:\/\/www.4ojos.com\/blog\/?p=10951","title":{"rendered":"wake up! \/ 3"},"content":{"rendered":"<p><a href=\"http:\/\/www.4ojos.com\/blog\/imagenes\/varios\/munich-wakeup-10.jpg\"><img loading=\"lazy\" class=\"alignnone\" src=\"http:\/\/www.4ojos.com\/blog\/imagenes\/varios\/munich-wakeup-10.jpg\" alt=\"\" width=\"700\" height=\"354\" \/><\/a><\/p>\n<p>M\u00e1s apuntes del <a href=\"http:\/\/www.spielart.org\/program\/wakeup\/\" target=\"_blank\"><strong>WAKE UP<\/strong><\/a>!, un apartado del festival de teatro <a href=\"http:\/\/www.spielart.org\" target=\"_blank\"><strong>SPIELART <\/strong><\/a>que ha tenido lugar los d\u00edas 22, 23 y 24 en el <a href=\"http:\/\/www.muffatwerk.de\/de\/\" target=\"_blank\"><strong>Muffatwerk <\/strong><\/a>de M\u00fanich.<\/p>\n<p>La representaci\u00f3n espa\u00f1ola eran <a href=\"http:\/\/www.eldiario.es\/autores\/amador_fernandez-savater\/\" target=\"_blank\"><strong>Amador Fern\u00e1ndez Savater<\/strong><\/a>, <a href=\"http:\/\/leodecerca.net\/\" target=\"_blank\"><strong>Le\u00f3nidas Martin<\/strong><\/a> de <a href=\"http:\/\/www.enmedio.info\" target=\"_blank\"><strong>enmedio<\/strong><\/a>, el grupo de teatro<a href=\"http:\/\/www.latristura.com\/\" target=\"_blank\"><strong> La Tristura<\/strong><\/a>, <a href=\"http:\/\/www.latristura.com\/\" target=\"_blank\"><strong>Luc\u00eda Mart\u00edn<\/strong><\/a> de PAH-Barcelona y el periodista de eldiario.es Gonzalo Cortizo.<\/p>\n<p>Ma\u00f1ana os ense\u00f1o la tercera y \u00faltima tanda de dibujos. Las im\u00e1genes se ampl\u00edan clic\u00e1ndolas por si quer\u00e9is leer lo que escribo.<\/p>\n<p><a href=\"http:\/\/www.4ojos.com\/blog\/imagenes\/varios\/munich-wakeup-09.jpg\"><img loading=\"lazy\" class=\"alignnone\" src=\"http:\/\/www.4ojos.com\/blog\/imagenes\/varios\/munich-wakeup-09.jpg\" alt=\"\" width=\"700\" height=\"354\" \/><\/a><\/p>\n<p>Charla de Heiner Flessbeck, asesor durante muchos a\u00f1os del SPD y ahora m\u00e1s a la izquierda. &#8220;No me hac\u00edan caso&#8221;, dijo.<\/p>\n<p><a href=\"http:\/\/www.4ojos.com\/blog\/imagenes\/varios\/munich-wakeup-11.jpg\"><img loading=\"lazy\" class=\"alignnone\" src=\"http:\/\/www.4ojos.com\/blog\/imagenes\/varios\/munich-wakeup-11.jpg\" alt=\"\" width=\"700\" height=\"354\" \/><\/a><\/p>\n<p>Charla de Tommy McKearney, miembro del IRA entre el 70 y el 80.<\/p>\n<p><a href=\"http:\/\/www.4ojos.com\/blog\/imagenes\/varios\/munich-wakeup-16.jpg\"><img loading=\"lazy\" class=\"alignnone\" src=\"http:\/\/www.4ojos.com\/blog\/imagenes\/varios\/munich-wakeup-16.jpg\" alt=\"\" width=\"700\" height=\"354\" \/><\/a><\/p>\n<p>Charla de Mehran Khalili, del proyecto Omikron<\/p>\n<p><a href=\"http:\/\/www.4ojos.com\/blog\/imagenes\/varios\/munich-wakeup-17.jpg\"><img loading=\"lazy\" class=\"alignnone\" src=\"http:\/\/www.4ojos.com\/blog\/imagenes\/varios\/munich-wakeup-17.jpg\" alt=\"\" width=\"700\" height=\"354\" \/><\/a><\/p>\n<p>Charla de Baris Uygur, de la revista sat\u00edrica turca Uykusuz ( que vende 60000 ejemplares semanales y tiene una p\u00e1gina de facebook de 2000000 de likes)<\/p>\n<p><a href=\"http:\/\/www.4ojos.com\/blog\/imagenes\/varios\/munich-wakeup-18.jpg\"><img loading=\"lazy\" class=\"alignnone\" src=\"http:\/\/www.4ojos.com\/blog\/imagenes\/varios\/munich-wakeup-18.jpg\" alt=\"\" width=\"700\" height=\"354\" \/><\/a><\/p>\n<p>Joseph Patricio nos hace un happening sobre el hambre y prepara comida con sobras. A la izquierda, Lea Hampel, la periodista que me entrevist\u00f3.<\/p>\n<p><a href=\"http:\/\/www.4ojos.com\/blog\/imagenes\/varios\/munich-wakeup-19.jpg\"><img loading=\"lazy\" class=\"alignnone\" src=\"http:\/\/www.4ojos.com\/blog\/imagenes\/varios\/munich-wakeup-19.jpg\" alt=\"\" width=\"700\" height=\"354\" \/><\/a><\/p>\n<p>Mesa redonda sobre ciudad y crisis. La tercera por la izquierda es Luc\u00eda Mart\u00edn de la PAH, que tuvo una intervenci\u00f3n brillante.<\/p>\n","protected":false},"excerpt":{"rendered":"<p>M\u00e1s apuntes del WAKE UP!, un apartado del festival de teatro SPIELART que ha tenido lugar los d\u00edas 22, 23 y 24 en el Muffatwerk de M\u00fanich. La representaci\u00f3n espa\u00f1ola eran Amador Fern\u00e1ndez Savater, Le\u00f3nidas Martin de enmedio, el grupo de teatro La Tristura, Luc\u00eda Mart\u00edn de PAH-Barcelona y el periodista de eldiario.es Gonzalo Cortizo. [&hellip;]<\/p>\n","protected":false},"author":1,"featured_media":0,"comment_status":"open","ping_status":"open","sticky":false,"template":"","format":"standard","meta":{"ngg_post_thumbnail":0},"categories":[12],"tags":[78,200],"_links":{"self":[{"href":"http:\/\/www.4ojos.com\/blog\/index.php?rest_route=\/wp\/v2\/posts\/10951"}],"collection":[{"href":"http:\/\/www.4ojos.com\/blog\/index.php?rest_route=\/wp\/v2\/posts"}],"about":[{"href":"http:\/\/www.4ojos.com\/blog\/index.php?rest_route=\/wp\/v2\/types\/post"}],"author":[{"embeddable":true,"href":"http:\/\/www.4ojos.com\/blog\/index.php?rest_route=\/wp\/v2\/users\/1"}],"replies":[{"embeddable":true,"href":"http:\/\/www.4ojos.com\/blog\/index.php?rest_route=%2Fwp%2Fv2%2Fcomments&post=10951"}],"version-history":[{"count":4,"href":"http:\/\/www.4ojos.com\/blog\/index.php?rest_route=\/wp\/v2\/posts\/10951\/revisions"}],"predecessor-version":[{"id":10953,"href":"http:\/\/www.4ojos.com\/blog\/index.php?rest_route=\/wp\/v2\/posts\/10951\/revisions\/10953"}],"wp:attachment":[{"href":"http:\/\/www.4ojos.com\/blog\/index.php?rest_route=%2Fwp%2Fv2%2Fmedia&parent=10951"}],"wp:term":[{"taxonomy":"category","embeddable":true,"href":"http:\/\/www.4ojos.com\/blog\/index.php?rest_route=%2Fwp%2Fv2%2Fcategories&post=10951"},{"taxonomy":"post_tag","embeddable":true,"href":"http:\/\/www.4ojos.com\/blog\/index.php?rest_route=%2Fwp%2Fv2%2Ftags&post=10951"}],"curies":[{"name":"wp","href":"https:\/\/api.w.org\/{rel}","templated":true}]}}